{"id":8883,"date":"2017-11-14T09:36:03","date_gmt":"2017-11-14T08:36:03","guid":{"rendered":"http:\/\/henning-foerster.de\/?p=8883"},"modified":"2017-11-14T09:36:03","modified_gmt":"2017-11-14T08:36:03","slug":"evg-gewerkschaftstag","status":"publish","type":"post","link":"https:\/\/henning-foerster.de\/?p=8883","title":{"rendered":"EVG Gewerkschaftstag"},"content":{"rendered":"<p>[Not a valid template]<\/p>\n<p style=\"text-align: justify;\">Die Eisenbahn- und Verkehrsgewerkschaft (EVG) tagt in dieser Woche in Berlin. Mit dabei auch Henning Foerster. Heute wird ein neuer Vorstand gew\u00e4hlt. Au\u00dferdem diskutieren die ca. 1.000 Delegierten das Arbeitsprogramm f\u00fcr die kommenden 5 Jahre. Allein 545 Antr\u00e4ge sind zu beraten.<\/p>\n","protected":false},"excerpt":{"rendered":"<p>[Not a valid template] Die Eisenbahn- und Verkehrsgewerkschaft (EVG) tagt in dieser Woche in Berlin. Mit dabei auch Henning Foerster. Heute wird ein neuer Vorstand gew\u00e4hlt. Au\u00dferdem diskutieren die ca. 1.000 Delegierten das Arbeitsprogramm f\u00fcr die kommenden 5 Jahre. Allein 545 Antr\u00e4ge sind zu beraten.<\/p>\n","protected":false},"author":1,"featured_media":0,"comment_status":"closed","ping_status":"closed","sticky":false,"template":"","format":"standard","meta":{"ngg_post_thumbnail":0,"footnotes":""},"categories":[3],"tags":[],"class_list":["post-8883","post","type-post","status-publish","format-standard","hentry","category-allgemein"],"_links":{"self":[{"href":"https:\/\/henning-foerster.de\/index.php?rest_route=\/wp\/v2\/posts\/8883","targetHints":{"allow":["GET"]}}],"collection":[{"href":"https:\/\/henning-foerster.de\/index.php?rest_route=\/wp\/v2\/posts"}],"about":[{"href":"https:\/\/henning-foerster.de\/index.php?rest_route=\/wp\/v2\/types\/post"}],"author":[{"embeddable":true,"href":"https:\/\/henning-foerster.de\/index.php?rest_route=\/wp\/v2\/users\/1"}],"replies":[{"embeddable":true,"href":"https:\/\/henning-foerster.de\/index.php?rest_route=%2Fwp%2Fv2%2Fcomments&post=8883"}],"version-history":[{"count":1,"href":"https:\/\/henning-foerster.de\/index.php?rest_route=\/wp\/v2\/posts\/8883\/revisions"}],"predecessor-version":[{"id":8885,"href":"https:\/\/henning-foerster.de\/index.php?rest_route=\/wp\/v2\/posts\/8883\/revisions\/8885"}],"wp:attachment":[{"href":"https:\/\/henning-foerster.de\/index.php?rest_route=%2Fwp%2Fv2%2Fmedia&parent=8883"}],"wp:term":[{"taxonomy":"category","embeddable":true,"href":"https:\/\/henning-foerster.de\/index.php?rest_route=%2Fwp%2Fv2%2Fcategories&post=8883"},{"taxonomy":"post_tag","embeddable":true,"href":"https:\/\/henning-foerster.de\/index.php?rest_route=%2Fwp%2Fv2%2Ftags&post=8883"}],"curies":[{"name":"wp","href":"https:\/\/api.w.org\/{rel}","templated":true}]}}