{"id":8844,"date":"2017-11-03T14:17:26","date_gmt":"2017-11-03T13:17:26","guid":{"rendered":"http:\/\/henning-foerster.de\/?p=8844"},"modified":"2017-11-03T14:17:26","modified_gmt":"2017-11-03T13:17:26","slug":"20-erwerbslosenparlament-tagt-in-schwerin","status":"publish","type":"post","link":"https:\/\/henning-foerster.de\/?p=8844","title":{"rendered":"20. Erwerbslosenparlament tagt in Schwerin"},"content":{"rendered":"<p>[Not a valid template]<\/p>\n<p style=\"text-align: justify;\">Seit zwei Jahrzehnten sind die Mitglieder des Erwerbslosenparlamentes das Sprachrohr der von Arbeitslosigkeit betroffenen Menschen in M-V. Und genausolang haben sie in der LINKEN einen jederzeit ansprechbaren Partner in der Landespolitik. G\u00e4be es uns nicht, w\u00fcrde das Thema Langzeitarbeitslosigkeit in Zeiten der Superlative vom \u201egoldenen Herbst am Arbeitsmarkt\u201c wohl gar keine Rolle im Landtag mehr spielen, sagte Henning Foerster heute im Podium. Zudem erl\u00e4uterte er die Vorstellungen der Landtagsfraktion und nahm die anwesenden Vertreter von SPD und BMV in die Pflicht. Zur n\u00e4chsten Landtagssitzung wird DIE LINKE das Thema Sanktionen, welches vielfach angesprochen wurde zur Diskussion stellen. Dann wird sich zeigen, ob eine zentraler Botschaft des heutigen Tages \u2013 die \u00dcberwindung des von rot-gr\u00fcn eingef\u00fchrten Hartz Systems Geh\u00f6r findet oder nicht.<\/p>\n<p>&nbsp;<\/p>\n","protected":false},"excerpt":{"rendered":"<p>[Not a valid template] Seit zwei Jahrzehnten sind die Mitglieder des Erwerbslosenparlamentes das Sprachrohr der von Arbeitslosigkeit betroffenen Menschen in M-V. Und genausolang haben sie in der LINKEN einen jederzeit ansprechbaren Partner in der Landespolitik. G\u00e4be es uns nicht, w\u00fcrde das Thema Langzeitarbeitslosigkeit in Zeiten der Superlative vom \u201egoldenen Herbst am Arbeitsmarkt\u201c wohl gar keine [&hellip;]<\/p>\n","protected":false},"author":1,"featured_media":0,"comment_status":"closed","ping_status":"closed","sticky":false,"template":"","format":"standard","meta":{"ngg_post_thumbnail":0,"footnotes":""},"categories":[3],"tags":[],"class_list":["post-8844","post","type-post","status-publish","format-standard","hentry","category-allgemein"],"_links":{"self":[{"href":"https:\/\/henning-foerster.de\/index.php?rest_route=\/wp\/v2\/posts\/8844","targetHints":{"allow":["GET"]}}],"collection":[{"href":"https:\/\/henning-foerster.de\/index.php?rest_route=\/wp\/v2\/posts"}],"about":[{"href":"https:\/\/henning-foerster.de\/index.php?rest_route=\/wp\/v2\/types\/post"}],"author":[{"embeddable":true,"href":"https:\/\/henning-foerster.de\/index.php?rest_route=\/wp\/v2\/users\/1"}],"replies":[{"embeddable":true,"href":"https:\/\/henning-foerster.de\/index.php?rest_route=%2Fwp%2Fv2%2Fcomments&post=8844"}],"version-history":[{"count":1,"href":"https:\/\/henning-foerster.de\/index.php?rest_route=\/wp\/v2\/posts\/8844\/revisions"}],"predecessor-version":[{"id":8846,"href":"https:\/\/henning-foerster.de\/index.php?rest_route=\/wp\/v2\/posts\/8844\/revisions\/8846"}],"wp:attachment":[{"href":"https:\/\/henning-foerster.de\/index.php?rest_route=%2Fwp%2Fv2%2Fmedia&parent=8844"}],"wp:term":[{"taxonomy":"category","embeddable":true,"href":"https:\/\/henning-foerster.de\/index.php?rest_route=%2Fwp%2Fv2%2Fcategories&post=8844"},{"taxonomy":"post_tag","embeddable":true,"href":"https:\/\/henning-foerster.de\/index.php?rest_route=%2Fwp%2Fv2%2Ftags&post=8844"}],"curies":[{"name":"wp","href":"https:\/\/api.w.org\/{rel}","templated":true}]}}