{"id":8781,"date":"2017-10-22T12:38:36","date_gmt":"2017-10-22T10:38:36","guid":{"rendered":"http:\/\/henning-foerster.de\/?p=8781"},"modified":"2017-10-23T12:39:48","modified_gmt":"2017-10-23T10:39:48","slug":"schleifmuehle-feiert-herbstfest","status":"publish","type":"post","link":"https:\/\/henning-foerster.de\/?p=8781","title":{"rendered":"Schleifm\u00fchle feiert Herbstfest"},"content":{"rendered":"<p>[Not a valid template]<\/p>\n<p class=\"m_-1390634635867306356p1\" style=\"text-align: justify;\"><span class=\"m_-1390634635867306356s1\">Von Sonnenschein bis Regen, das Wetter war herbstlich, was jedoch dem gro\u00dfen Besucheransturm keinen Abbruch tat. Am Nachmittag \u00fcbergab die Stadtspitze dann den Gedenkstein f\u00fcr den gro\u00dfherzoglichen Gartendirektor Theodor Klett, gestaltet von Nando Kallweit. Schleifm\u00fcller Waldemar Leide nutzte seine Ansprache auch f\u00fcr mahnende Worte. Schon Klett habe die herausragende Bedeutung der Schleifm\u00fchle gew\u00fcrdigt und gefordert, sie f\u00fcr die Nachwelt zu erhalten. Diese Forderung ging an die Politik. Henning Foerster, der wie weitere Mitglieder der LINKEN die Gelegenheit f\u00fcr einen Rundgang nutzte, hatte j\u00fcngst gefordert, die Schleifm\u00fchle als Museum im Kernbereich des k\u00fcnftigen Weltkulturerbe, aus Mitteln des Landeshauptstadtvertrag zu unterst\u00fctzen.<span class=\"m_-1390634635867306356Apple-converted-space\">\u00a0<\/span><\/span><\/p>\n","protected":false},"excerpt":{"rendered":"<p>[Not a valid template] Von Sonnenschein bis Regen, das Wetter war herbstlich, was jedoch dem gro\u00dfen Besucheransturm keinen Abbruch tat. Am Nachmittag \u00fcbergab die Stadtspitze dann den Gedenkstein f\u00fcr den gro\u00dfherzoglichen Gartendirektor Theodor Klett, gestaltet von Nando Kallweit. Schleifm\u00fcller Waldemar Leide nutzte seine Ansprache auch f\u00fcr mahnende Worte. Schon Klett habe die herausragende Bedeutung der [&hellip;]<\/p>\n","protected":false},"author":1,"featured_media":0,"comment_status":"closed","ping_status":"closed","sticky":false,"template":"","format":"standard","meta":{"ngg_post_thumbnail":0,"footnotes":""},"categories":[3],"tags":[],"class_list":["post-8781","post","type-post","status-publish","format-standard","hentry","category-allgemein"],"_links":{"self":[{"href":"https:\/\/henning-foerster.de\/index.php?rest_route=\/wp\/v2\/posts\/8781","targetHints":{"allow":["GET"]}}],"collection":[{"href":"https:\/\/henning-foerster.de\/index.php?rest_route=\/wp\/v2\/posts"}],"about":[{"href":"https:\/\/henning-foerster.de\/index.php?rest_route=\/wp\/v2\/types\/post"}],"author":[{"embeddable":true,"href":"https:\/\/henning-foerster.de\/index.php?rest_route=\/wp\/v2\/users\/1"}],"replies":[{"embeddable":true,"href":"https:\/\/henning-foerster.de\/index.php?rest_route=%2Fwp%2Fv2%2Fcomments&post=8781"}],"version-history":[{"count":1,"href":"https:\/\/henning-foerster.de\/index.php?rest_route=\/wp\/v2\/posts\/8781\/revisions"}],"predecessor-version":[{"id":8783,"href":"https:\/\/henning-foerster.de\/index.php?rest_route=\/wp\/v2\/posts\/8781\/revisions\/8783"}],"wp:attachment":[{"href":"https:\/\/henning-foerster.de\/index.php?rest_route=%2Fwp%2Fv2%2Fmedia&parent=8781"}],"wp:term":[{"taxonomy":"category","embeddable":true,"href":"https:\/\/henning-foerster.de\/index.php?rest_route=%2Fwp%2Fv2%2Fcategories&post=8781"},{"taxonomy":"post_tag","embeddable":true,"href":"https:\/\/henning-foerster.de\/index.php?rest_route=%2Fwp%2Fv2%2Ftags&post=8781"}],"curies":[{"name":"wp","href":"https:\/\/api.w.org\/{rel}","templated":true}]}}