{"id":8612,"date":"2017-09-18T11:15:15","date_gmt":"2017-09-18T09:15:15","guid":{"rendered":"http:\/\/henning-foerster.de\/?p=8612"},"modified":"2017-09-19T10:11:23","modified_gmt":"2017-09-19T08:11:23","slug":"sommerfest-im-haus-der-begegnung","status":"publish","type":"post","link":"https:\/\/henning-foerster.de\/?p=8612","title":{"rendered":"Sommerfest im Haus der Begegnung"},"content":{"rendered":"<p>[Not a valid template]<\/p>\n<p style=\"text-align: justify;\">Vom Solid Spendenturnier ging es f\u00fcr Henning Foerster im Sportoutfit direkt zum Tag der offenen T\u00fcr im Haus der Begegnung. Das sorgte f\u00fcr Erkl\u00e4rungsbedarf, nicht nur bei der Sozialministerin. Gute Gespr\u00e4che gab es trotzdem. So erfuhr der Abgeordnete, dass ein seit Jahren von ihm finanziell unterst\u00fctztes Ferienlager des Arbeitslosenverbandes auch 2017 ein gro\u00dfer Erfolg war. Und er h\u00f6rte von den negativen Auswirkungen der Umstellung auf Fallpauschalen f\u00fcr das Kinderschutzprojekt\u00a0 der psychosozialen Prozessbegleitung.<\/p>\n","protected":false},"excerpt":{"rendered":"<p>[Not a valid template] Vom Solid Spendenturnier ging es f\u00fcr Henning Foerster im Sportoutfit direkt zum Tag der offenen T\u00fcr im Haus der Begegnung. Das sorgte f\u00fcr Erkl\u00e4rungsbedarf, nicht nur bei der Sozialministerin. Gute Gespr\u00e4che gab es trotzdem. So erfuhr der Abgeordnete, dass ein seit Jahren von ihm finanziell unterst\u00fctztes Ferienlager des Arbeitslosenverbandes auch 2017 [&hellip;]<\/p>\n","protected":false},"author":1,"featured_media":0,"comment_status":"closed","ping_status":"closed","sticky":false,"template":"","format":"standard","meta":{"ngg_post_thumbnail":0,"footnotes":""},"categories":[3],"tags":[],"class_list":["post-8612","post","type-post","status-publish","format-standard","hentry","category-allgemein"],"_links":{"self":[{"href":"https:\/\/henning-foerster.de\/index.php?rest_route=\/wp\/v2\/posts\/8612","targetHints":{"allow":["GET"]}}],"collection":[{"href":"https:\/\/henning-foerster.de\/index.php?rest_route=\/wp\/v2\/posts"}],"about":[{"href":"https:\/\/henning-foerster.de\/index.php?rest_route=\/wp\/v2\/types\/post"}],"author":[{"embeddable":true,"href":"https:\/\/henning-foerster.de\/index.php?rest_route=\/wp\/v2\/users\/1"}],"replies":[{"embeddable":true,"href":"https:\/\/henning-foerster.de\/index.php?rest_route=%2Fwp%2Fv2%2Fcomments&post=8612"}],"version-history":[{"count":1,"href":"https:\/\/henning-foerster.de\/index.php?rest_route=\/wp\/v2\/posts\/8612\/revisions"}],"predecessor-version":[{"id":8614,"href":"https:\/\/henning-foerster.de\/index.php?rest_route=\/wp\/v2\/posts\/8612\/revisions\/8614"}],"wp:attachment":[{"href":"https:\/\/henning-foerster.de\/index.php?rest_route=%2Fwp%2Fv2%2Fmedia&parent=8612"}],"wp:term":[{"taxonomy":"category","embeddable":true,"href":"https:\/\/henning-foerster.de\/index.php?rest_route=%2Fwp%2Fv2%2Fcategories&post=8612"},{"taxonomy":"post_tag","embeddable":true,"href":"https:\/\/henning-foerster.de\/index.php?rest_route=%2Fwp%2Fv2%2Ftags&post=8612"}],"curies":[{"name":"wp","href":"https:\/\/api.w.org\/{rel}","templated":true}]}}