{"id":8541,"date":"2017-09-11T11:20:39","date_gmt":"2017-09-11T09:20:39","guid":{"rendered":"http:\/\/henning-foerster.de\/?p=8541"},"modified":"2017-09-11T11:20:39","modified_gmt":"2017-09-11T09:20:39","slug":"interessante-eindruecke-zum-tag-der-ruhe","status":"publish","type":"post","link":"https:\/\/henning-foerster.de\/?p=8541","title":{"rendered":"Interessante Eindr\u00fccke zum Tag der Ruhe"},"content":{"rendered":"<p>[Not a valid template]<\/p>\n<p style=\"text-align: justify;\">Gemeinsam mit Vizestadtpr\u00e4sidentin Gerlinde Haker und SDS Chefin Ilka Wilczek nutzte Henning Foerster heute am Tag der Ruhe die Gelegenheit, sich bei einem Rundgang \u00fcber den Alten Friedhof \u00fcber die unterschiedlichen Bestattungsm\u00f6glichkeiten, die Sanierung alter Kapellen, die Planungen f\u00fcr einen Radweg entlang des Grimke Sees und die Probleme, die seitens der B\u00fcrgerinnen und B\u00fcrger an den Eigenbetrieb SDS in Friedhofsfragen herangetragen werden zu informieren.<\/p>\n","protected":false},"excerpt":{"rendered":"<p>[Not a valid template] Gemeinsam mit Vizestadtpr\u00e4sidentin Gerlinde Haker und SDS Chefin Ilka Wilczek nutzte Henning Foerster heute am Tag der Ruhe die Gelegenheit, sich bei einem Rundgang \u00fcber den Alten Friedhof \u00fcber die unterschiedlichen Bestattungsm\u00f6glichkeiten, die Sanierung alter Kapellen, die Planungen f\u00fcr einen Radweg entlang des Grimke Sees und die Probleme, die seitens der [&hellip;]<\/p>\n","protected":false},"author":1,"featured_media":0,"comment_status":"closed","ping_status":"closed","sticky":false,"template":"","format":"standard","meta":{"ngg_post_thumbnail":0,"footnotes":""},"categories":[3],"tags":[],"class_list":["post-8541","post","type-post","status-publish","format-standard","hentry","category-allgemein"],"_links":{"self":[{"href":"https:\/\/henning-foerster.de\/index.php?rest_route=\/wp\/v2\/posts\/8541","targetHints":{"allow":["GET"]}}],"collection":[{"href":"https:\/\/henning-foerster.de\/index.php?rest_route=\/wp\/v2\/posts"}],"about":[{"href":"https:\/\/henning-foerster.de\/index.php?rest_route=\/wp\/v2\/types\/post"}],"author":[{"embeddable":true,"href":"https:\/\/henning-foerster.de\/index.php?rest_route=\/wp\/v2\/users\/1"}],"replies":[{"embeddable":true,"href":"https:\/\/henning-foerster.de\/index.php?rest_route=%2Fwp%2Fv2%2Fcomments&post=8541"}],"version-history":[{"count":1,"href":"https:\/\/henning-foerster.de\/index.php?rest_route=\/wp\/v2\/posts\/8541\/revisions"}],"predecessor-version":[{"id":8543,"href":"https:\/\/henning-foerster.de\/index.php?rest_route=\/wp\/v2\/posts\/8541\/revisions\/8543"}],"wp:attachment":[{"href":"https:\/\/henning-foerster.de\/index.php?rest_route=%2Fwp%2Fv2%2Fmedia&parent=8541"}],"wp:term":[{"taxonomy":"category","embeddable":true,"href":"https:\/\/henning-foerster.de\/index.php?rest_route=%2Fwp%2Fv2%2Fcategories&post=8541"},{"taxonomy":"post_tag","embeddable":true,"href":"https:\/\/henning-foerster.de\/index.php?rest_route=%2Fwp%2Fv2%2Ftags&post=8541"}],"curies":[{"name":"wp","href":"https:\/\/api.w.org\/{rel}","templated":true}]}}