{"id":2865,"date":"2014-05-16T09:42:09","date_gmt":"2014-05-16T07:42:09","guid":{"rendered":"http:\/\/henning-foerster.de\/?p=2865"},"modified":"2014-07-30T10:24:01","modified_gmt":"2014-07-30T08:24:01","slug":"komm-rein-hier-ist-noch-platz","status":"publish","type":"post","link":"https:\/\/henning-foerster.de\/?p=2865","title":{"rendered":"Komm rein hier ist noch Platz"},"content":{"rendered":"<p style=\"text-align: justify;\">[Not a valid template]<\/p>\n<p style=\"text-align: justify;\">Unter diesem Motto pr\u00e4sentierte Harald Wandel im Rahmen der \u00f6ffentlichen Fraktionssitzung der LINKEN in der Altstadt sein Programm \u00fcber Land und Leute aus MV. Zuvor hatte Spitzenkandidat Henning Foerster die Ergebnisse der vorangegangenen drei Veranstaltungen in den Stadtteilen zusammengefasst, die eigenen Leute noch einmal f\u00fcr die verbleibenden Tage motiviert und betont, warum drei Kreuze f\u00fcr die LINKE am 25. Mai gut gew\u00e4hlt sind. Der Speicher als Veranstaltungsort hat hohe Symbolkraft. Erst wollten eine Allianz von CDU, SPD, UB und Gr\u00fcnen ihn privatisieren, jetzt will schl\u00e4gt der beratende Beauftragte gar die Schlie\u00dfung vor. DIE LINKE wird sich auch gegen diesen Vorschlag zur Wehr setzen.<\/p>\n","protected":false},"excerpt":{"rendered":"<p>[Not a valid template] Unter diesem Motto pr\u00e4sentierte Harald Wandel im Rahmen der \u00f6ffentlichen Fraktionssitzung der LINKEN in der Altstadt sein Programm \u00fcber Land und Leute aus MV. Zuvor hatte Spitzenkandidat Henning Foerster die Ergebnisse der vorangegangenen drei Veranstaltungen in den Stadtteilen zusammengefasst, die eigenen Leute noch einmal f\u00fcr die verbleibenden Tage motiviert und betont, [&hellip;]<\/p>\n","protected":false},"author":1,"featured_media":0,"comment_status":"closed","ping_status":"closed","sticky":false,"template":"","format":"standard","meta":{"ngg_post_thumbnail":0,"footnotes":""},"categories":[3],"tags":[],"class_list":["post-2865","post","type-post","status-publish","format-standard","hentry","category-allgemein"],"_links":{"self":[{"href":"https:\/\/henning-foerster.de\/index.php?rest_route=\/wp\/v2\/posts\/2865","targetHints":{"allow":["GET"]}}],"collection":[{"href":"https:\/\/henning-foerster.de\/index.php?rest_route=\/wp\/v2\/posts"}],"about":[{"href":"https:\/\/henning-foerster.de\/index.php?rest_route=\/wp\/v2\/types\/post"}],"author":[{"embeddable":true,"href":"https:\/\/henning-foerster.de\/index.php?rest_route=\/wp\/v2\/users\/1"}],"replies":[{"embeddable":true,"href":"https:\/\/henning-foerster.de\/index.php?rest_route=%2Fwp%2Fv2%2Fcomments&post=2865"}],"version-history":[{"count":3,"href":"https:\/\/henning-foerster.de\/index.php?rest_route=\/wp\/v2\/posts\/2865\/revisions"}],"predecessor-version":[{"id":3461,"href":"https:\/\/henning-foerster.de\/index.php?rest_route=\/wp\/v2\/posts\/2865\/revisions\/3461"}],"wp:attachment":[{"href":"https:\/\/henning-foerster.de\/index.php?rest_route=%2Fwp%2Fv2%2Fmedia&parent=2865"}],"wp:term":[{"taxonomy":"category","embeddable":true,"href":"https:\/\/henning-foerster.de\/index.php?rest_route=%2Fwp%2Fv2%2Fcategories&post=2865"},{"taxonomy":"post_tag","embeddable":true,"href":"https:\/\/henning-foerster.de\/index.php?rest_route=%2Fwp%2Fv2%2Ftags&post=2865"}],"curies":[{"name":"wp","href":"https:\/\/api.w.org\/{rel}","templated":true}]}}