{"id":2056,"date":"2014-04-09T10:53:26","date_gmt":"2014-04-09T08:53:26","guid":{"rendered":"http:\/\/henning-foerster.de\/?p=2056"},"modified":"2014-04-14T14:33:41","modified_gmt":"2014-04-14T12:33:41","slug":"die-linke-kaempft-fuer-die-maritime-wirtschaft-in-mecklenburg-vorpommern","status":"publish","type":"post","link":"https:\/\/henning-foerster.de\/?p=2056","title":{"rendered":"DIE LINKE k\u00e4mpft f\u00fcr die maritime Wirtschaft in Mecklenburg-Vorpommern"},"content":{"rendered":"<p><!-- default-view.php -->\n<div\n\tclass=\"ngg-galleryoverview default-view\n\t ngg-ajax-pagination-none\t\"\n\tid=\"ngg-gallery-967b2beaa49e956fa111c9c4522d34f3-1\"\n\tdata-nextgen-gallery-id=\"171\"\n\tdata-gallery-id=\"171\"\n\t\tdata-gallery-name=\"Stralsund vom Schlo\u00df\"\n\t>\n\n\t\t<!-- Thumbnails -->\n\t\t\t\t<div id=\"ngg-image-0\" class=\"ngg-gallery-thumbnail-box\n\t\t\t\t\t\t\t\t\t\t\t\"\n\t\t\t>\n\t\t\t\t\t\t<div class=\"ngg-gallery-thumbnail\">\n\t\t<a href=\"https:\/\/henning-foerster.de\/wp-content\/gallery\/stralsund-vom-schloss\/1487439_763575820353740_2692691642988942074_n.jpg?t=1397486848\"\n\t\t\ttitle=\"\"\n\t\t\tdata-src=\"https:\/\/henning-foerster.de\/wp-content\/gallery\/stralsund-vom-schloss\/1487439_763575820353740_2692691642988942074_n.jpg?t=1397486848\"\n\t\t\tdata-thumbnail=\"https:\/\/henning-foerster.de\/wp-content\/gallery\/stralsund-vom-schloss\/thumbs\/thumbs_1487439_763575820353740_2692691642988942074_n.jpg?t=1397486848\"\n\t\t\tdata-image-id=\"1089\"\n\t\t\tdata-image-name=\"1487439_763575820353740_2692691642988942074_n.jpg\"\n\t\t\tdata-title=\"1487439_763575820353740_2692691642988942074_n\"\n\t\t\tdata-description=\"\"\n\t\t\tdata-image-slug=\"1487439_763575820353740_2692691642988942074_n\"\n\t\t\t\t\t\t\t\t\t\t\t\t\t\t\t\t\t\t\t\tclass=\"shutterset_967b2beaa49e956fa111c9c4522d34f3\">\n\t\t\t\t\t\t\t\t<img\n\t\t\t\t\ttitle=\"1487439_763575820353740_2692691642988942074_n\"\n\t\t\t\t\talt=\"1487439_763575820353740_2692691642988942074_n\"\n\t\t\t\t\tsrc=\"https:\/\/henning-foerster.de\/wp-content\/gallery\/stralsund-vom-schloss\/thumbs\/thumbs_1487439_763575820353740_2692691642988942074_n.jpg?t=1397486848\"\n\t\t\t\t\twidth=\"100\"\n\t\t\t\t\theight=\"75\"\n\t\t\t\t\tstyle=\"max-width:100%;\"\n\t\t\t\t\/>\n\t\t\t<\/a>\n\t\t<\/div>\n\t\t\t\t\t\t\t<\/div>\n\t\t\t\n\t\t\t\t<div id=\"ngg-image-1\" class=\"ngg-gallery-thumbnail-box\n\t\t\t\t\t\t\t\t\t\t\t\"\n\t\t\t>\n\t\t\t\t\t\t<div class=\"ngg-gallery-thumbnail\">\n\t\t<a href=\"https:\/\/henning-foerster.de\/wp-content\/gallery\/stralsund-vom-schloss\/1654242_763575890353733_2110119711303292875_n.jpg?t=1397119941\"\n\t\t\ttitle=\" \"\n\t\t\tdata-src=\"https:\/\/henning-foerster.de\/wp-content\/gallery\/stralsund-vom-schloss\/1654242_763575890353733_2110119711303292875_n.jpg?t=1397119941\"\n\t\t\tdata-thumbnail=\"https:\/\/henning-foerster.de\/wp-content\/gallery\/stralsund-vom-schloss\/thumbs\/thumbs_1654242_763575890353733_2110119711303292875_n.jpg?t=1397119941\"\n\t\t\tdata-image-id=\"1090\"\n\t\t\tdata-image-name=\"1654242_763575890353733_2110119711303292875_n.jpg\"\n\t\t\tdata-title=\"1654242_763575890353733_2110119711303292875_n\"\n\t\t\tdata-description=\" \"\n\t\t\tdata-image-slug=\"1654242_763575890353733_2110119711303292875_n\"\n\t\t\t\t\t\t\t\t\t\t\t\t\t\t\t\t\t\t\t\tclass=\"shutterset_967b2beaa49e956fa111c9c4522d34f3\">\n\t\t\t\t\t\t\t\t<img\n\t\t\t\t\ttitle=\"1654242_763575890353733_2110119711303292875_n\"\n\t\t\t\t\talt=\"1654242_763575890353733_2110119711303292875_n\"\n\t\t\t\t\tsrc=\"https:\/\/henning-foerster.de\/wp-content\/gallery\/stralsund-vom-schloss\/thumbs\/thumbs_1654242_763575890353733_2110119711303292875_n.jpg?t=1397119941\"\n\t\t\t\t\twidth=\"100\"\n\t\t\t\t\theight=\"75\"\n\t\t\t\t\tstyle=\"max-width:100%;\"\n\t\t\t\t\/>\n\t\t\t<\/a>\n\t\t<\/div>\n\t\t\t\t\t\t\t<\/div>\n\t\t\t\n\t\t\t\t<div id=\"ngg-image-2\" class=\"ngg-gallery-thumbnail-box\n\t\t\t\t\t\t\t\t\t\t\t\"\n\t\t\t>\n\t\t\t\t\t\t<div class=\"ngg-gallery-thumbnail\">\n\t\t<a href=\"https:\/\/henning-foerster.de\/wp-content\/gallery\/stralsund-vom-schloss\/10176024_763575823687073_6454912456748368288_n.jpg?t=1397119943\"\n\t\t\ttitle=\" \"\n\t\t\tdata-src=\"https:\/\/henning-foerster.de\/wp-content\/gallery\/stralsund-vom-schloss\/10176024_763575823687073_6454912456748368288_n.jpg?t=1397119943\"\n\t\t\tdata-thumbnail=\"https:\/\/henning-foerster.de\/wp-content\/gallery\/stralsund-vom-schloss\/thumbs\/thumbs_10176024_763575823687073_6454912456748368288_n.jpg?t=1397119943\"\n\t\t\tdata-image-id=\"1091\"\n\t\t\tdata-image-name=\"10176024_763575823687073_6454912456748368288_n.jpg\"\n\t\t\tdata-title=\"10176024_763575823687073_6454912456748368288_n\"\n\t\t\tdata-description=\" \"\n\t\t\tdata-image-slug=\"10176024_763575823687073_6454912456748368288_n\"\n\t\t\t\t\t\t\t\t\t\t\t\t\t\t\t\t\t\t\t\tclass=\"shutterset_967b2beaa49e956fa111c9c4522d34f3\">\n\t\t\t\t\t\t\t\t<img\n\t\t\t\t\ttitle=\"10176024_763575823687073_6454912456748368288_n\"\n\t\t\t\t\talt=\"10176024_763575823687073_6454912456748368288_n\"\n\t\t\t\t\tsrc=\"https:\/\/henning-foerster.de\/wp-content\/gallery\/stralsund-vom-schloss\/thumbs\/thumbs_10176024_763575823687073_6454912456748368288_n.jpg?t=1397119943\"\n\t\t\t\t\twidth=\"100\"\n\t\t\t\t\theight=\"75\"\n\t\t\t\t\tstyle=\"max-width:100%;\"\n\t\t\t\t\/>\n\t\t\t<\/a>\n\t\t<\/div>\n\t\t\t\t\t\t\t<\/div>\n\t\t\t\n\t\n\t<br style=\"clear: both\" \/>\n\n\t\n\t\t<!-- Pagination -->\n\t\t<div class='ngg-clear'><\/div>\t<\/div>\n<\/p>\n<p style=\"text-align: justify;\">Mit zunehmender Resignation nehmen die Kumpel der Volkswerft die Entwicklung m ihre Werft zur Kenntnis. Viele haben den Eindruck, dass sich die Landesregierung vom Schiffbau verabschieden will. Nordic Yards, dann Schiffbaumonopolist oder doch Liebherr, weiter Werft oder perspektivisch Industriepark. Um letzteren Realit\u00e4t werden zu lassen, m\u00fcssten jedoch die Fahrrinne ausgebaggert, die Kaikante befestigt und Umweltaltlasten entsorgt werden. Zudem m\u00fcsste das Anliegen in den Bundesverkehrswegeplan aufgenommen und dabei auch noch zu einer priorisierten Ma\u00dfname erkl\u00e4rt werden. Und nicht zuletzt stehen Naturschutzauflagen dagegen. Keine guten Aussichten!<\/p>\n","protected":false},"excerpt":{"rendered":"<p>Mit zunehmender Resignation nehmen die Kumpel der Volkswerft die Entwicklung m ihre Werft zur Kenntnis. Viele haben den Eindruck, dass sich die Landesregierung vom Schiffbau verabschieden will. Nordic Yards, dann Schiffbaumonopolist oder doch Liebherr, weiter Werft oder perspektivisch Industriepark. Um letzteren Realit\u00e4t werden zu lassen, m\u00fcssten jedoch die Fahrrinne ausgebaggert, die Kaikante befestigt und Umweltaltlasten [&hellip;]<\/p>\n","protected":false},"author":1,"featured_media":0,"comment_status":"closed","ping_status":"closed","sticky":false,"template":"","format":"standard","meta":{"ngg_post_thumbnail":0,"footnotes":""},"categories":[3],"tags":[],"class_list":["post-2056","post","type-post","status-publish","format-standard","hentry","category-allgemein"],"_links":{"self":[{"href":"https:\/\/henning-foerster.de\/index.php?rest_route=\/wp\/v2\/posts\/2056","targetHints":{"allow":["GET"]}}],"collection":[{"href":"https:\/\/henning-foerster.de\/index.php?rest_route=\/wp\/v2\/posts"}],"about":[{"href":"https:\/\/henning-foerster.de\/index.php?rest_route=\/wp\/v2\/types\/post"}],"author":[{"embeddable":true,"href":"https:\/\/henning-foerster.de\/index.php?rest_route=\/wp\/v2\/users\/1"}],"replies":[{"embeddable":true,"href":"https:\/\/henning-foerster.de\/index.php?rest_route=%2Fwp%2Fv2%2Fcomments&post=2056"}],"version-history":[{"count":3,"href":"https:\/\/henning-foerster.de\/index.php?rest_route=\/wp\/v2\/posts\/2056\/revisions"}],"predecessor-version":[{"id":2070,"href":"https:\/\/henning-foerster.de\/index.php?rest_route=\/wp\/v2\/posts\/2056\/revisions\/2070"}],"wp:attachment":[{"href":"https:\/\/henning-foerster.de\/index.php?rest_route=%2Fwp%2Fv2%2Fmedia&parent=2056"}],"wp:term":[{"taxonomy":"category","embeddable":true,"href":"https:\/\/henning-foerster.de\/index.php?rest_route=%2Fwp%2Fv2%2Fcategories&post=2056"},{"taxonomy":"post_tag","embeddable":true,"href":"https:\/\/henning-foerster.de\/index.php?rest_route=%2Fwp%2Fv2%2Ftags&post=2056"}],"curies":[{"name":"wp","href":"https:\/\/api.w.org\/{rel}","templated":true}]}}