{"id":16628,"date":"2025-10-09T21:18:27","date_gmt":"2025-10-09T19:18:27","guid":{"rendered":"https:\/\/henning-foerster.de\/?p=16628"},"modified":"2025-11-02T21:19:03","modified_gmt":"2025-11-02T20:19:03","slug":"16628","status":"publish","type":"post","link":"https:\/\/henning-foerster.de\/?p=16628","title":{"rendered":""},"content":{"rendered":"\n<p>Die Nachricht von der geplanten Schliessung der Kita macht mich betroffen. Schon Helmut Holter war dort Pate. Seit 2017 habe ich dort B\u00fccher gespendet und vorgelesen, zum Kindertag den Eismann gespielt, B\u00e4ume und Str\u00e4ucher gepflanzt, die Fl\u00f6tenkonzerte von Burghild Brunzel besucht und Spielger\u00e4te gesponsort. Dass diese Kita jetzt zumachen soll, weil es nicht gelungen ist, eine Einigung zwischen Tr\u00e4ger und Stadt \u00fcber eine geeignete Fl\u00e4che f\u00fcr einen Ersatzneubau herbeizuf\u00fchren, ist katastrophal. Nun ist aufgrund der in die Jahre gekommenenen Elektroanlagen offenbar Gefahr in Verzug. Doch was wird aus den Kita und Krippenpl\u00e4tzen f\u00fcr die Kinder in einem Stadtteil, der schon mit so vielen sozialen Herausforderungen zu k\u00e4mpfen hat? Dazu habe ich gestern Nachmittag eine Anfrage an die Verwaltung gerichtet.<\/p>\n","protected":false},"excerpt":{"rendered":"<p>Die Nachricht von der geplanten Schliessung der Kita macht mich betroffen. Schon Helmut Holter war dort Pate. Seit 2017 habe ich dort B\u00fccher gespendet und vorgelesen, zum Kindertag den Eismann gespielt, B\u00e4ume und Str\u00e4ucher gepflanzt, die Fl\u00f6tenkonzerte von Burghild Brunzel besucht und Spielger\u00e4te gesponsort. Dass diese Kita jetzt zumachen soll, weil es nicht gelungen ist, [&hellip;]<\/p>\n","protected":false},"author":1,"featured_media":16629,"comment_status":"closed","ping_status":"closed","sticky":false,"template":"","format":"standard","meta":{"ngg_post_thumbnail":0,"footnotes":""},"categories":[3],"tags":[],"class_list":["post-16628","post","type-post","status-publish","format-standard","has-post-thumbnail","hentry","category-allgemein"],"_links":{"self":[{"href":"https:\/\/henning-foerster.de\/index.php?rest_route=\/wp\/v2\/posts\/16628","targetHints":{"allow":["GET"]}}],"collection":[{"href":"https:\/\/henning-foerster.de\/index.php?rest_route=\/wp\/v2\/posts"}],"about":[{"href":"https:\/\/henning-foerster.de\/index.php?rest_route=\/wp\/v2\/types\/post"}],"author":[{"embeddable":true,"href":"https:\/\/henning-foerster.de\/index.php?rest_route=\/wp\/v2\/users\/1"}],"replies":[{"embeddable":true,"href":"https:\/\/henning-foerster.de\/index.php?rest_route=%2Fwp%2Fv2%2Fcomments&post=16628"}],"version-history":[{"count":1,"href":"https:\/\/henning-foerster.de\/index.php?rest_route=\/wp\/v2\/posts\/16628\/revisions"}],"predecessor-version":[{"id":16630,"href":"https:\/\/henning-foerster.de\/index.php?rest_route=\/wp\/v2\/posts\/16628\/revisions\/16630"}],"wp:featuredmedia":[{"embeddable":true,"href":"https:\/\/henning-foerster.de\/index.php?rest_route=\/wp\/v2\/media\/16629"}],"wp:attachment":[{"href":"https:\/\/henning-foerster.de\/index.php?rest_route=%2Fwp%2Fv2%2Fmedia&parent=16628"}],"wp:term":[{"taxonomy":"category","embeddable":true,"href":"https:\/\/henning-foerster.de\/index.php?rest_route=%2Fwp%2Fv2%2Fcategories&post=16628"},{"taxonomy":"post_tag","embeddable":true,"href":"https:\/\/henning-foerster.de\/index.php?rest_route=%2Fwp%2Fv2%2Ftags&post=16628"}],"curies":[{"name":"wp","href":"https:\/\/api.w.org\/{rel}","templated":true}]}}