{"id":16102,"date":"2024-11-18T15:49:50","date_gmt":"2024-11-18T14:49:50","guid":{"rendered":"http:\/\/henning-foerster.de\/?p=16102"},"modified":"2024-11-18T15:49:50","modified_gmt":"2024-11-18T14:49:50","slug":"erwerbslosenparlament-m-v-im-schweriner-schloss","status":"publish","type":"post","link":"https:\/\/henning-foerster.de\/?p=16102","title":{"rendered":"Erwerbslosenparlament M-V im Schweriner Schloss"},"content":{"rendered":"\n<p>Schon zum 25. Mal tagte heute Vormittag das Erwerbslosenparlament M-V im Schweriner Schloss. Ich habe den Delegierten f\u00fcr ihren unerm\u00fcdlichen Kampf in den letzten 25 Jahren gedankt, die seitdem vollzogene Entwicklung nachvollzogen und darauf hingewiesen, dass wir m\u00f6glicherweise ab 2025 gemeinsam den Widerstand gegen den geplanten Sozialabbau unter einer CDU gef\u00fchrten Bundesregierung organisieren m\u00fcssen.<\/p>\n\n\n\nngg_shortcode_0_placeholder\n","protected":false},"excerpt":{"rendered":"<p>Schon zum 25. Mal tagte heute Vormittag das Erwerbslosenparlament M-V im Schweriner Schloss. Ich habe den Delegierten f\u00fcr ihren unerm\u00fcdlichen Kampf in den letzten 25 Jahren gedankt, die seitdem vollzogene Entwicklung nachvollzogen und darauf hingewiesen, dass wir m\u00f6glicherweise ab 2025 gemeinsam den Widerstand gegen den geplanten Sozialabbau unter einer CDU gef\u00fchrten Bundesregierung organisieren m\u00fcssen.<\/p>\n","protected":false},"author":1,"featured_media":16103,"comment_status":"closed","ping_status":"closed","sticky":false,"template":"","format":"standard","meta":{"ngg_post_thumbnail":0,"footnotes":""},"categories":[3],"tags":[],"class_list":["post-16102","post","type-post","status-publish","format-standard","has-post-thumbnail","hentry","category-allgemein"],"_links":{"self":[{"href":"https:\/\/henning-foerster.de\/index.php?rest_route=\/wp\/v2\/posts\/16102","targetHints":{"allow":["GET"]}}],"collection":[{"href":"https:\/\/henning-foerster.de\/index.php?rest_route=\/wp\/v2\/posts"}],"about":[{"href":"https:\/\/henning-foerster.de\/index.php?rest_route=\/wp\/v2\/types\/post"}],"author":[{"embeddable":true,"href":"https:\/\/henning-foerster.de\/index.php?rest_route=\/wp\/v2\/users\/1"}],"replies":[{"embeddable":true,"href":"https:\/\/henning-foerster.de\/index.php?rest_route=%2Fwp%2Fv2%2Fcomments&post=16102"}],"version-history":[{"count":1,"href":"https:\/\/henning-foerster.de\/index.php?rest_route=\/wp\/v2\/posts\/16102\/revisions"}],"predecessor-version":[{"id":16104,"href":"https:\/\/henning-foerster.de\/index.php?rest_route=\/wp\/v2\/posts\/16102\/revisions\/16104"}],"wp:featuredmedia":[{"embeddable":true,"href":"https:\/\/henning-foerster.de\/index.php?rest_route=\/wp\/v2\/media\/16103"}],"wp:attachment":[{"href":"https:\/\/henning-foerster.de\/index.php?rest_route=%2Fwp%2Fv2%2Fmedia&parent=16102"}],"wp:term":[{"taxonomy":"category","embeddable":true,"href":"https:\/\/henning-foerster.de\/index.php?rest_route=%2Fwp%2Fv2%2Fcategories&post=16102"},{"taxonomy":"post_tag","embeddable":true,"href":"https:\/\/henning-foerster.de\/index.php?rest_route=%2Fwp%2Fv2%2Ftags&post=16102"}],"curies":[{"name":"wp","href":"https:\/\/api.w.org\/{rel}","templated":true}]}}