{"id":15872,"date":"2024-05-06T13:05:06","date_gmt":"2024-05-06T11:05:06","guid":{"rendered":"http:\/\/henning-foerster.de\/?p=15872"},"modified":"2024-06-06T13:06:12","modified_gmt":"2024-06-06T11:06:12","slug":"15872","status":"publish","type":"post","link":"https:\/\/henning-foerster.de\/?p=15872","title":{"rendered":""},"content":{"rendered":"\n<p>Wir sind nat\u00fcrlich l\u00e4ngst mittendrin im Wahlkampf f\u00fcr ein gutes Ergebnis bei den Europa- und Kommunalwahlen. Heute jedoch geben wir offiziell den Startschuss f\u00fcr die &#8222;Vorfahrt f\u00fcr Soziales&#8220; Wahltour von West nach Ost in Mecklenburg-Vorpommern. Nachdem ich mit @manowcordula und @dtrepsdorf unserer fr\u00fcheren OB Angelika Gramkow Rede und Antwort stand, ging es mit Beitr\u00e4gen von @schirdewanmartin und @gregorgysi weiter. Auch sie machten deutlich, warum es so wichtig ist, am 09.06. Die Linke zu w\u00e4hlen.<\/p>\n","protected":false},"excerpt":{"rendered":"<p>Wir sind nat\u00fcrlich l\u00e4ngst mittendrin im Wahlkampf f\u00fcr ein gutes Ergebnis bei den Europa- und Kommunalwahlen. Heute jedoch geben wir offiziell den Startschuss f\u00fcr die &#8222;Vorfahrt f\u00fcr Soziales&#8220; Wahltour von West nach Ost in Mecklenburg-Vorpommern. Nachdem ich mit @manowcordula und @dtrepsdorf unserer fr\u00fcheren OB Angelika Gramkow Rede und Antwort stand, ging es mit Beitr\u00e4gen von [&hellip;]<\/p>\n","protected":false},"author":1,"featured_media":15873,"comment_status":"closed","ping_status":"closed","sticky":false,"template":"","format":"standard","meta":{"ngg_post_thumbnail":0,"footnotes":""},"categories":[3],"tags":[],"class_list":["post-15872","post","type-post","status-publish","format-standard","has-post-thumbnail","hentry","category-allgemein"],"_links":{"self":[{"href":"https:\/\/henning-foerster.de\/index.php?rest_route=\/wp\/v2\/posts\/15872","targetHints":{"allow":["GET"]}}],"collection":[{"href":"https:\/\/henning-foerster.de\/index.php?rest_route=\/wp\/v2\/posts"}],"about":[{"href":"https:\/\/henning-foerster.de\/index.php?rest_route=\/wp\/v2\/types\/post"}],"author":[{"embeddable":true,"href":"https:\/\/henning-foerster.de\/index.php?rest_route=\/wp\/v2\/users\/1"}],"replies":[{"embeddable":true,"href":"https:\/\/henning-foerster.de\/index.php?rest_route=%2Fwp%2Fv2%2Fcomments&post=15872"}],"version-history":[{"count":1,"href":"https:\/\/henning-foerster.de\/index.php?rest_route=\/wp\/v2\/posts\/15872\/revisions"}],"predecessor-version":[{"id":15874,"href":"https:\/\/henning-foerster.de\/index.php?rest_route=\/wp\/v2\/posts\/15872\/revisions\/15874"}],"wp:featuredmedia":[{"embeddable":true,"href":"https:\/\/henning-foerster.de\/index.php?rest_route=\/wp\/v2\/media\/15873"}],"wp:attachment":[{"href":"https:\/\/henning-foerster.de\/index.php?rest_route=%2Fwp%2Fv2%2Fmedia&parent=15872"}],"wp:term":[{"taxonomy":"category","embeddable":true,"href":"https:\/\/henning-foerster.de\/index.php?rest_route=%2Fwp%2Fv2%2Fcategories&post=15872"},{"taxonomy":"post_tag","embeddable":true,"href":"https:\/\/henning-foerster.de\/index.php?rest_route=%2Fwp%2Fv2%2Ftags&post=15872"}],"curies":[{"name":"wp","href":"https:\/\/api.w.org\/{rel}","templated":true}]}}