{"id":15710,"date":"2024-03-13T15:22:39","date_gmt":"2024-03-13T14:22:39","guid":{"rendered":"http:\/\/henning-foerster.de\/?p=15710"},"modified":"2024-05-02T15:24:14","modified_gmt":"2024-05-02T13:24:14","slug":"15710","status":"publish","type":"post","link":"https:\/\/henning-foerster.de\/?p=15710","title":{"rendered":""},"content":{"rendered":"\n<p>Den Miniaturenpark in Lankow habe ich \u00fcber meine gesamte Zeit als Abgeordneter immer mal wieder besucht. Das ist ein Bild aus besseren Tagen. Jetzt muss er zun\u00e4chst einmal schlie\u00dfen. Ich habe mit Arbeitslosen, die dort eine sinnvolle Bet\u00e4tigung gefunden haben gesprochen, Fl\u00fcchtlinge und deren Betreuer sowie Pflegeheimbewohner dorthin eingeladen, um Schwerin im Kleinen kennen zu lernen oder einfach mal rauszukommen. Dass die AWO L\u00fctt Schwerin jetzt an einen anderen Tr\u00e4ger abgeben wird, hat mit der Bundespolitik zu tun. Weniger Mittel f\u00fcr die Jobcenter, bedeutet vor Ort weniger Ma\u00dfnahmen f\u00fcr die Tr\u00e4ger. Wenn zwei Jahre hintereinander die Zahl der Arbeitsgelegenheiten jeweils halbiert wird, ist das die Konsequenz. Traurig, aber leider wahr.<\/p>\n","protected":false},"excerpt":{"rendered":"<p>Den Miniaturenpark in Lankow habe ich \u00fcber meine gesamte Zeit als Abgeordneter immer mal wieder besucht. Das ist ein Bild aus besseren Tagen. Jetzt muss er zun\u00e4chst einmal schlie\u00dfen. Ich habe mit Arbeitslosen, die dort eine sinnvolle Bet\u00e4tigung gefunden haben gesprochen, Fl\u00fcchtlinge und deren Betreuer sowie Pflegeheimbewohner dorthin eingeladen, um Schwerin im Kleinen kennen zu [&hellip;]<\/p>\n","protected":false},"author":1,"featured_media":15711,"comment_status":"closed","ping_status":"closed","sticky":false,"template":"","format":"standard","meta":{"ngg_post_thumbnail":0,"footnotes":""},"categories":[3],"tags":[],"class_list":["post-15710","post","type-post","status-publish","format-standard","has-post-thumbnail","hentry","category-allgemein"],"_links":{"self":[{"href":"https:\/\/henning-foerster.de\/index.php?rest_route=\/wp\/v2\/posts\/15710","targetHints":{"allow":["GET"]}}],"collection":[{"href":"https:\/\/henning-foerster.de\/index.php?rest_route=\/wp\/v2\/posts"}],"about":[{"href":"https:\/\/henning-foerster.de\/index.php?rest_route=\/wp\/v2\/types\/post"}],"author":[{"embeddable":true,"href":"https:\/\/henning-foerster.de\/index.php?rest_route=\/wp\/v2\/users\/1"}],"replies":[{"embeddable":true,"href":"https:\/\/henning-foerster.de\/index.php?rest_route=%2Fwp%2Fv2%2Fcomments&post=15710"}],"version-history":[{"count":1,"href":"https:\/\/henning-foerster.de\/index.php?rest_route=\/wp\/v2\/posts\/15710\/revisions"}],"predecessor-version":[{"id":15712,"href":"https:\/\/henning-foerster.de\/index.php?rest_route=\/wp\/v2\/posts\/15710\/revisions\/15712"}],"wp:featuredmedia":[{"embeddable":true,"href":"https:\/\/henning-foerster.de\/index.php?rest_route=\/wp\/v2\/media\/15711"}],"wp:attachment":[{"href":"https:\/\/henning-foerster.de\/index.php?rest_route=%2Fwp%2Fv2%2Fmedia&parent=15710"}],"wp:term":[{"taxonomy":"category","embeddable":true,"href":"https:\/\/henning-foerster.de\/index.php?rest_route=%2Fwp%2Fv2%2Fcategories&post=15710"},{"taxonomy":"post_tag","embeddable":true,"href":"https:\/\/henning-foerster.de\/index.php?rest_route=%2Fwp%2Fv2%2Ftags&post=15710"}],"curies":[{"name":"wp","href":"https:\/\/api.w.org\/{rel}","templated":true}]}}