{"id":15707,"date":"2024-04-16T15:19:39","date_gmt":"2024-04-16T13:19:39","guid":{"rendered":"http:\/\/henning-foerster.de\/?p=15707"},"modified":"2024-05-02T15:20:47","modified_gmt":"2024-05-02T13:20:47","slug":"15707","status":"publish","type":"post","link":"https:\/\/henning-foerster.de\/?p=15707","title":{"rendered":""},"content":{"rendered":"\n<p>Heute Abend tagt mein Ortsverband. Wir werten die Konferenz der LAG \u00d6kologische Plattform aus. Ich bin dankbar f\u00fcr das Engagement, auch wenn ich in Detailfragen als wirtschafts- und verkehrspolitischer Sprecher der Landtagsfraktion zuweilen anderer Auffassung bin. Zweites gro\u00dfes Thema waren die anstehenden Wahlkampftermine. Und nat\u00fcrlich habe ich \u00fcber die Aktivit\u00e4ten von Landtags- und Stadtfraktion berichtet.<\/p>\n\n\n\nngg_shortcode_0_placeholder\n","protected":false},"excerpt":{"rendered":"<p>Heute Abend tagt mein Ortsverband. Wir werten die Konferenz der LAG \u00d6kologische Plattform aus. Ich bin dankbar f\u00fcr das Engagement, auch wenn ich in Detailfragen als wirtschafts- und verkehrspolitischer Sprecher der Landtagsfraktion zuweilen anderer Auffassung bin. Zweites gro\u00dfes Thema waren die anstehenden Wahlkampftermine. Und nat\u00fcrlich habe ich \u00fcber die Aktivit\u00e4ten von Landtags- und Stadtfraktion berichtet.<\/p>\n","protected":false},"author":1,"featured_media":15708,"comment_status":"closed","ping_status":"closed","sticky":false,"template":"","format":"standard","meta":{"ngg_post_thumbnail":0,"footnotes":""},"categories":[3],"tags":[],"class_list":["post-15707","post","type-post","status-publish","format-standard","has-post-thumbnail","hentry","category-allgemein"],"_links":{"self":[{"href":"https:\/\/henning-foerster.de\/index.php?rest_route=\/wp\/v2\/posts\/15707","targetHints":{"allow":["GET"]}}],"collection":[{"href":"https:\/\/henning-foerster.de\/index.php?rest_route=\/wp\/v2\/posts"}],"about":[{"href":"https:\/\/henning-foerster.de\/index.php?rest_route=\/wp\/v2\/types\/post"}],"author":[{"embeddable":true,"href":"https:\/\/henning-foerster.de\/index.php?rest_route=\/wp\/v2\/users\/1"}],"replies":[{"embeddable":true,"href":"https:\/\/henning-foerster.de\/index.php?rest_route=%2Fwp%2Fv2%2Fcomments&post=15707"}],"version-history":[{"count":1,"href":"https:\/\/henning-foerster.de\/index.php?rest_route=\/wp\/v2\/posts\/15707\/revisions"}],"predecessor-version":[{"id":15709,"href":"https:\/\/henning-foerster.de\/index.php?rest_route=\/wp\/v2\/posts\/15707\/revisions\/15709"}],"wp:featuredmedia":[{"embeddable":true,"href":"https:\/\/henning-foerster.de\/index.php?rest_route=\/wp\/v2\/media\/15708"}],"wp:attachment":[{"href":"https:\/\/henning-foerster.de\/index.php?rest_route=%2Fwp%2Fv2%2Fmedia&parent=15707"}],"wp:term":[{"taxonomy":"category","embeddable":true,"href":"https:\/\/henning-foerster.de\/index.php?rest_route=%2Fwp%2Fv2%2Fcategories&post=15707"},{"taxonomy":"post_tag","embeddable":true,"href":"https:\/\/henning-foerster.de\/index.php?rest_route=%2Fwp%2Fv2%2Ftags&post=15707"}],"curies":[{"name":"wp","href":"https:\/\/api.w.org\/{rel}","templated":true}]}}