{"id":15565,"date":"2024-02-24T15:27:20","date_gmt":"2024-02-24T14:27:20","guid":{"rendered":"http:\/\/henning-foerster.de\/?p=15565"},"modified":"2024-03-05T09:32:01","modified_gmt":"2024-03-05T08:32:01","slug":"15565","status":"publish","type":"post","link":"https:\/\/henning-foerster.de\/?p=15565","title":{"rendered":"WIR Aktion &#8222;Erfolg braucht Vielfalt&#8220;"},"content":{"rendered":"\n<p>Die WiR Initiative des Landtages l\u00e4dt heute in das Schweriner Schlossparkcenter ein. An zahlreichen St\u00e4nden pr\u00e4sentiert sich die bunte Zivilgesellschaft aus Vereinen, Initiativen und Verb\u00e4nden. Nat\u00fcrlich nutze ich die Gelegenheit, um mit Multiplikatoren aus der gesamten Stadt ins Gespr\u00e4ch zu kommen. Mit dabei sind auch meine Kollegin MdB <a href=\"https:\/\/www.instagram.com\/_u\/inalatendorf?fbclid=IwAR2-eVSfbd4j4o18lyLBIHhLWqMqKxcmMVj4Ay7qK2hdAOD2Lf6Jxwo_3N4\" rel=\"noreferrer noopener\" target=\"_blank\">@inalatendorf<\/a> und MdL <a href=\"https:\/\/l.facebook.com\/l.php?u=https%3A%2F%2Fwww.instagram.com%2F_u%2Ftorstenkoplin%3Ffbclid%3DIwAR35H7pIWMjw44-aAqwgyM9jCZQsH3y1dB0lXntKKT1uQ4LcnyRqK65HhAs&amp;h=AT332VU46Wp3XqsyJwUUQDjk1xeHsfUG5mlWX4W4sO_iFK8MPBZKVsdxrYXvOBH7tLdoUGINjt14-Pkj695pAC3s4-5QI9gEfEx4wtJwzHtmdmRkdejjY568ksT0iUQffwmO-F56y5Z5BD8S3w0d&amp;__tn__=-UK-R&amp;c[0]=AT10gW2l57URPuUDfD3D9LM919jot2CZW6BkvWizQtGuSJr9xk4JBVh0EbFlsg2Z-JUbNBUMjd6hDHpeMC8ClYwwF_i1Mu5lPSr7prK5ujDHLbWlgGKMZSaun2NosFhpcKyQmaGR85fz5a5bgBx8lPitu0s5g-XdXn6_XoYRB1zgZG5yyH3MPSdb6A2mHXte5xKbHdnxzlW2\" rel=\"noreferrer noopener\" target=\"_blank\">@torstenkoplin<\/a>.<\/p>\n\n\n\n<p><a href=\"https:\/\/www.facebook.com\/hashtag\/landeshauptstadtschwerin?__eep__=6&amp;__cft__[0]=AZUYcW-8lKDl48O7Kp53dxm7WHjWeOHDzjy1-dy8Hz2p_bGNmyTiidBaM0PZgUDR8XQXvV5OtcjMnmXsp_R-KFaZfuZU55ZkwDIUw6eZi_23VvjYFtD9RMIP4LKbtualhNh6j5FahtEVrAO-HWBcBuqkrD2iVaLFoxiQYuSzcCCRIBJG2jBjiey3QZZhOruB6Vo&amp;__tn__=*NK-R\">#landeshauptstadtschwerin<\/a><\/p>\n\n\n\n<p><a href=\"https:\/\/www.facebook.com\/hashtag\/erfolgbrauchtvielfalt?__eep__=6&amp;__cft__[0]=AZUYcW-8lKDl48O7Kp53dxm7WHjWeOHDzjy1-dy8Hz2p_bGNmyTiidBaM0PZgUDR8XQXvV5OtcjMnmXsp_R-KFaZfuZU55ZkwDIUw6eZi_23VvjYFtD9RMIP4LKbtualhNh6j5FahtEVrAO-HWBcBuqkrD2iVaLFoxiQYuSzcCCRIBJG2jBjiey3QZZhOruB6Vo&amp;__tn__=*NK-R\">#erfolgbrauchtvielfalt<\/a><\/p>\n\n\n\n<p><a href=\"https:\/\/www.facebook.com\/hashtag\/schlossparkcenterschwerin?__eep__=6&amp;__cft__[0]=AZUYcW-8lKDl48O7Kp53dxm7WHjWeOHDzjy1-dy8Hz2p_bGNmyTiidBaM0PZgUDR8XQXvV5OtcjMnmXsp_R-KFaZfuZU55ZkwDIUw6eZi_23VvjYFtD9RMIP4LKbtualhNh6j5FahtEVrAO-HWBcBuqkrD2iVaLFoxiQYuSzcCCRIBJG2jBjiey3QZZhOruB6Vo&amp;__tn__=*NK-R\">#schlossparkcenterschwerin<\/a><\/p>\n\n\n\n<p><a href=\"https:\/\/www.facebook.com\/hashtag\/landtagmv?__eep__=6&amp;__cft__[0]=AZUYcW-8lKDl48O7Kp53dxm7WHjWeOHDzjy1-dy8Hz2p_bGNmyTiidBaM0PZgUDR8XQXvV5OtcjMnmXsp_R-KFaZfuZU55ZkwDIUw6eZi_23VvjYFtD9RMIP4LKbtualhNh6j5FahtEVrAO-HWBcBuqkrD2iVaLFoxiQYuSzcCCRIBJG2jBjiey3QZZhOruB6Vo&amp;__tn__=*NK-R\">#landtagmv<\/a><\/p>\n\n\n\n<p><a href=\"https:\/\/www.facebook.com\/hashtag\/foerstervorort?__eep__=6&amp;__cft__[0]=AZUYcW-8lKDl48O7Kp53dxm7WHjWeOHDzjy1-dy8Hz2p_bGNmyTiidBaM0PZgUDR8XQXvV5OtcjMnmXsp_R-KFaZfuZU55ZkwDIUw6eZi_23VvjYFtD9RMIP4LKbtualhNh6j5FahtEVrAO-HWBcBuqkrD2iVaLFoxiQYuSzcCCRIBJG2jBjiey3QZZhOruB6Vo&amp;__tn__=*NK-R\">#foerstervorort<\/a><\/p>\n\n\n\nngg_shortcode_0_placeholder\n","protected":false},"excerpt":{"rendered":"<p>Die WiR Initiative des Landtages l\u00e4dt heute in das Schweriner Schlossparkcenter ein. An zahlreichen St\u00e4nden pr\u00e4sentiert sich die bunte Zivilgesellschaft aus Vereinen, Initiativen und Verb\u00e4nden. Nat\u00fcrlich nutze ich die Gelegenheit, um mit Multiplikatoren aus der gesamten Stadt ins Gespr\u00e4ch zu kommen. Mit dabei sind auch meine Kollegin MdB @inalatendorf und MdL @torstenkoplin. #landeshauptstadtschwerin #erfolgbrauchtvielfalt #schlossparkcenterschwerin [&hellip;]<\/p>\n","protected":false},"author":1,"featured_media":15566,"comment_status":"closed","ping_status":"closed","sticky":false,"template":"","format":"standard","meta":{"ngg_post_thumbnail":0,"footnotes":""},"categories":[3],"tags":[],"class_list":["post-15565","post","type-post","status-publish","format-standard","has-post-thumbnail","hentry","category-allgemein"],"_links":{"self":[{"href":"https:\/\/henning-foerster.de\/index.php?rest_route=\/wp\/v2\/posts\/15565","targetHints":{"allow":["GET"]}}],"collection":[{"href":"https:\/\/henning-foerster.de\/index.php?rest_route=\/wp\/v2\/posts"}],"about":[{"href":"https:\/\/henning-foerster.de\/index.php?rest_route=\/wp\/v2\/types\/post"}],"author":[{"embeddable":true,"href":"https:\/\/henning-foerster.de\/index.php?rest_route=\/wp\/v2\/users\/1"}],"replies":[{"embeddable":true,"href":"https:\/\/henning-foerster.de\/index.php?rest_route=%2Fwp%2Fv2%2Fcomments&post=15565"}],"version-history":[{"count":2,"href":"https:\/\/henning-foerster.de\/index.php?rest_route=\/wp\/v2\/posts\/15565\/revisions"}],"predecessor-version":[{"id":15569,"href":"https:\/\/henning-foerster.de\/index.php?rest_route=\/wp\/v2\/posts\/15565\/revisions\/15569"}],"wp:featuredmedia":[{"embeddable":true,"href":"https:\/\/henning-foerster.de\/index.php?rest_route=\/wp\/v2\/media\/15566"}],"wp:attachment":[{"href":"https:\/\/henning-foerster.de\/index.php?rest_route=%2Fwp%2Fv2%2Fmedia&parent=15565"}],"wp:term":[{"taxonomy":"category","embeddable":true,"href":"https:\/\/henning-foerster.de\/index.php?rest_route=%2Fwp%2Fv2%2Fcategories&post=15565"},{"taxonomy":"post_tag","embeddable":true,"href":"https:\/\/henning-foerster.de\/index.php?rest_route=%2Fwp%2Fv2%2Ftags&post=15565"}],"curies":[{"name":"wp","href":"https:\/\/api.w.org\/{rel}","templated":true}]}}