{"id":15559,"date":"2024-02-23T15:22:02","date_gmt":"2024-02-23T14:22:02","guid":{"rendered":"http:\/\/henning-foerster.de\/?p=15559"},"modified":"2024-03-05T09:32:42","modified_gmt":"2024-03-05T08:32:42","slug":"15559","status":"publish","type":"post","link":"https:\/\/henning-foerster.de\/?p=15559","title":{"rendered":""},"content":{"rendered":"\n<p>Der Nachmittag geh\u00f6rt heute der LAG Betrieb &amp; Gewerkschaft. In kleiner aber produktiver Runde haben wir die Arbeit f\u00fcr das Jahr 2024 vorbereitet.<\/p>\n\n\n\n<p><a href=\"https:\/\/www.facebook.com\/hashtag\/betriebundgewerkschaft?__eep__=6&amp;__cft__[0]=AZUurY9iwY2taM0FkCdNOn9XqIN2x2278_wFVPV0x0nlcKAY9EQRLHwbZ4iSWrW-ID4ehpTffFgZT7t8FgvkFP6aSQKiRMISgghUAQ6zIKcoNx1dEHG3zIivnNZZbn0NMd9_T2eEcJajO3GaRqvLZA0dR7MTFer9t74xmA3ejdhEp2KnMxwCgQUcSOobkAf7Rn0&amp;__tn__=*NK-R\">#betriebundgewerkschaft<\/a><\/p>\n\n\n\n<p><a href=\"https:\/\/www.facebook.com\/hashtag\/landesarbeitsgemeinschaft?__eep__=6&amp;__cft__[0]=AZUurY9iwY2taM0FkCdNOn9XqIN2x2278_wFVPV0x0nlcKAY9EQRLHwbZ4iSWrW-ID4ehpTffFgZT7t8FgvkFP6aSQKiRMISgghUAQ6zIKcoNx1dEHG3zIivnNZZbn0NMd9_T2eEcJajO3GaRqvLZA0dR7MTFer9t74xmA3ejdhEp2KnMxwCgQUcSOobkAf7Rn0&amp;__tn__=*NK-R\">#landesarbeitsgemeinschaft<\/a><\/p>\n\n\n\n<p><a href=\"https:\/\/www.facebook.com\/hashtag\/b%C3%BCrgerb%C3%BCrohenningfoerster?__eep__=6&amp;__cft__[0]=AZUurY9iwY2taM0FkCdNOn9XqIN2x2278_wFVPV0x0nlcKAY9EQRLHwbZ4iSWrW-ID4ehpTffFgZT7t8FgvkFP6aSQKiRMISgghUAQ6zIKcoNx1dEHG3zIivnNZZbn0NMd9_T2eEcJajO3GaRqvLZA0dR7MTFer9t74xmA3ejdhEp2KnMxwCgQUcSOobkAf7Rn0&amp;__tn__=*NK-R\">#b\u00fcrgerb\u00fcrohenningfoerster<\/a><\/p>\n\n\n\n<p><a href=\"https:\/\/www.facebook.com\/hashtag\/landeshauptstadtschwerin?__eep__=6&amp;__cft__[0]=AZUurY9iwY2taM0FkCdNOn9XqIN2x2278_wFVPV0x0nlcKAY9EQRLHwbZ4iSWrW-ID4ehpTffFgZT7t8FgvkFP6aSQKiRMISgghUAQ6zIKcoNx1dEHG3zIivnNZZbn0NMd9_T2eEcJajO3GaRqvLZA0dR7MTFer9t74xmA3ejdhEp2KnMxwCgQUcSOobkAf7Rn0&amp;__tn__=*NK-R\">#landeshauptstadtschwerin<\/a><\/p>\n\n\n\n<p><a href=\"https:\/\/www.facebook.com\/hashtag\/foerstervorort?__eep__=6&amp;__cft__[0]=AZUurY9iwY2taM0FkCdNOn9XqIN2x2278_wFVPV0x0nlcKAY9EQRLHwbZ4iSWrW-ID4ehpTffFgZT7t8FgvkFP6aSQKiRMISgghUAQ6zIKcoNx1dEHG3zIivnNZZbn0NMd9_T2eEcJajO3GaRqvLZA0dR7MTFer9t74xmA3ejdhEp2KnMxwCgQUcSOobkAf7Rn0&amp;__tn__=*NK-R\">#foerstervorort<\/a><\/p>\n\n\n\nngg_shortcode_0_placeholder\n","protected":false},"excerpt":{"rendered":"<p>Der Nachmittag geh\u00f6rt heute der LAG Betrieb &amp; Gewerkschaft. In kleiner aber produktiver Runde haben wir die Arbeit f\u00fcr das Jahr 2024 vorbereitet. #betriebundgewerkschaft #landesarbeitsgemeinschaft #b\u00fcrgerb\u00fcrohenningfoerster #landeshauptstadtschwerin #foerstervorort<\/p>\n","protected":false},"author":1,"featured_media":15560,"comment_status":"closed","ping_status":"closed","sticky":false,"template":"","format":"standard","meta":{"ngg_post_thumbnail":0,"footnotes":""},"categories":[3],"tags":[],"class_list":["post-15559","post","type-post","status-publish","format-standard","has-post-thumbnail","hentry","category-allgemein"],"_links":{"self":[{"href":"https:\/\/henning-foerster.de\/index.php?rest_route=\/wp\/v2\/posts\/15559","targetHints":{"allow":["GET"]}}],"collection":[{"href":"https:\/\/henning-foerster.de\/index.php?rest_route=\/wp\/v2\/posts"}],"about":[{"href":"https:\/\/henning-foerster.de\/index.php?rest_route=\/wp\/v2\/types\/post"}],"author":[{"embeddable":true,"href":"https:\/\/henning-foerster.de\/index.php?rest_route=\/wp\/v2\/users\/1"}],"replies":[{"embeddable":true,"href":"https:\/\/henning-foerster.de\/index.php?rest_route=%2Fwp%2Fv2%2Fcomments&post=15559"}],"version-history":[{"count":1,"href":"https:\/\/henning-foerster.de\/index.php?rest_route=\/wp\/v2\/posts\/15559\/revisions"}],"predecessor-version":[{"id":15561,"href":"https:\/\/henning-foerster.de\/index.php?rest_route=\/wp\/v2\/posts\/15559\/revisions\/15561"}],"wp:featuredmedia":[{"embeddable":true,"href":"https:\/\/henning-foerster.de\/index.php?rest_route=\/wp\/v2\/media\/15560"}],"wp:attachment":[{"href":"https:\/\/henning-foerster.de\/index.php?rest_route=%2Fwp%2Fv2%2Fmedia&parent=15559"}],"wp:term":[{"taxonomy":"category","embeddable":true,"href":"https:\/\/henning-foerster.de\/index.php?rest_route=%2Fwp%2Fv2%2Fcategories&post=15559"},{"taxonomy":"post_tag","embeddable":true,"href":"https:\/\/henning-foerster.de\/index.php?rest_route=%2Fwp%2Fv2%2Ftags&post=15559"}],"curies":[{"name":"wp","href":"https:\/\/api.w.org\/{rel}","templated":true}]}}