{"id":15521,"date":"2024-01-22T13:51:19","date_gmt":"2024-01-22T12:51:19","guid":{"rendered":"http:\/\/henning-foerster.de\/?p=15521"},"modified":"2024-02-09T13:52:51","modified_gmt":"2024-02-09T12:52:51","slug":"jugendhaus-dejavu-uebergeben","status":"publish","type":"post","link":"https:\/\/henning-foerster.de\/?p=15521","title":{"rendered":"Jugendhaus DeJaVu \u00fcbergeben!"},"content":{"rendered":"\n<p>Nach 18 Monaten Bauzeit wurde heute das frisch renovierte Jugendhaus DeJaVu \u00fcbergeben. Ab sofort wird es hier wieder Spa\u00df, Spiel und Beratung f\u00fcr Kinder und Jugendliche geben. MdB Ina Latendorf und ich gratulieren und w\u00fcnschen Viel Spa\u00df im runderneuerten Heim.<\/p>\n\n\n\n<p><a href=\"https:\/\/www.facebook.com\/hashtag\/landeshauptstadtschwerin?__eep__=6&amp;__cft__[0]=AZVYp-8mm0Fg87gVAqH-RpEbj5W9bNA146XLQ_nELGJc0P7UOCN8KRpoeI6YLMGuogN8kHu1OPNighZyqVvb3H33_DSbMRE3lknbT0JOyq56Uo3-WsFCYOoVxp2xf6bVhhaCTEU1GcGoJbaTzfV7LSANlJWAfKT6fF4EEb50yeisqKoJKhhQ1dtUbHFQz7tjLNY&amp;__tn__=*NK-R\">#landeshauptstadtschwerin<\/a><\/p>\n\n\n\n<p><a href=\"https:\/\/www.facebook.com\/hashtag\/wahlkreisschwerins%C3%BCd?__eep__=6&amp;__cft__[0]=AZVYp-8mm0Fg87gVAqH-RpEbj5W9bNA146XLQ_nELGJc0P7UOCN8KRpoeI6YLMGuogN8kHu1OPNighZyqVvb3H33_DSbMRE3lknbT0JOyq56Uo3-WsFCYOoVxp2xf6bVhhaCTEU1GcGoJbaTzfV7LSANlJWAfKT6fF4EEb50yeisqKoJKhhQ1dtUbHFQz7tjLNY&amp;__tn__=*NK-R\">#wahlkreisschwerins\u00fcd<\/a><\/p>\n\n\n\n<p><a href=\"https:\/\/www.facebook.com\/hashtag\/jugendhausdejavu?__eep__=6&amp;__cft__[0]=AZVYp-8mm0Fg87gVAqH-RpEbj5W9bNA146XLQ_nELGJc0P7UOCN8KRpoeI6YLMGuogN8kHu1OPNighZyqVvb3H33_DSbMRE3lknbT0JOyq56Uo3-WsFCYOoVxp2xf6bVhhaCTEU1GcGoJbaTzfV7LSANlJWAfKT6fF4EEb50yeisqKoJKhhQ1dtUbHFQz7tjLNY&amp;__tn__=*NK-R\">#jugendhausdejavu<\/a><\/p>\n\n\n\n<p><a href=\"https:\/\/www.facebook.com\/hashtag\/inalatendorf?__eep__=6&amp;__cft__[0]=AZVYp-8mm0Fg87gVAqH-RpEbj5W9bNA146XLQ_nELGJc0P7UOCN8KRpoeI6YLMGuogN8kHu1OPNighZyqVvb3H33_DSbMRE3lknbT0JOyq56Uo3-WsFCYOoVxp2xf6bVhhaCTEU1GcGoJbaTzfV7LSANlJWAfKT6fF4EEb50yeisqKoJKhhQ1dtUbHFQz7tjLNY&amp;__tn__=*NK-R\">#inalatendorf<\/a><\/p>\n\n\n\n<p><a href=\"https:\/\/www.facebook.com\/hashtag\/foerstervorort?__eep__=6&amp;__cft__[0]=AZVYp-8mm0Fg87gVAqH-RpEbj5W9bNA146XLQ_nELGJc0P7UOCN8KRpoeI6YLMGuogN8kHu1OPNighZyqVvb3H33_DSbMRE3lknbT0JOyq56Uo3-WsFCYOoVxp2xf6bVhhaCTEU1GcGoJbaTzfV7LSANlJWAfKT6fF4EEb50yeisqKoJKhhQ1dtUbHFQz7tjLNY&amp;__tn__=*NK-R\">#foerstervorort<\/a><\/p>\n\n\n\nngg_shortcode_0_placeholder\n","protected":false},"excerpt":{"rendered":"<p>Nach 18 Monaten Bauzeit wurde heute das frisch renovierte Jugendhaus DeJaVu \u00fcbergeben. Ab sofort wird es hier wieder Spa\u00df, Spiel und Beratung f\u00fcr Kinder und Jugendliche geben. MdB Ina Latendorf und ich gratulieren und w\u00fcnschen Viel Spa\u00df im runderneuerten Heim. #landeshauptstadtschwerin #wahlkreisschwerins\u00fcd #jugendhausdejavu #inalatendorf #foerstervorort<\/p>\n","protected":false},"author":1,"featured_media":15522,"comment_status":"closed","ping_status":"closed","sticky":false,"template":"","format":"standard","meta":{"ngg_post_thumbnail":0,"footnotes":""},"categories":[3],"tags":[],"class_list":["post-15521","post","type-post","status-publish","format-standard","has-post-thumbnail","hentry","category-allgemein"],"_links":{"self":[{"href":"https:\/\/henning-foerster.de\/index.php?rest_route=\/wp\/v2\/posts\/15521","targetHints":{"allow":["GET"]}}],"collection":[{"href":"https:\/\/henning-foerster.de\/index.php?rest_route=\/wp\/v2\/posts"}],"about":[{"href":"https:\/\/henning-foerster.de\/index.php?rest_route=\/wp\/v2\/types\/post"}],"author":[{"embeddable":true,"href":"https:\/\/henning-foerster.de\/index.php?rest_route=\/wp\/v2\/users\/1"}],"replies":[{"embeddable":true,"href":"https:\/\/henning-foerster.de\/index.php?rest_route=%2Fwp%2Fv2%2Fcomments&post=15521"}],"version-history":[{"count":1,"href":"https:\/\/henning-foerster.de\/index.php?rest_route=\/wp\/v2\/posts\/15521\/revisions"}],"predecessor-version":[{"id":15523,"href":"https:\/\/henning-foerster.de\/index.php?rest_route=\/wp\/v2\/posts\/15521\/revisions\/15523"}],"wp:featuredmedia":[{"embeddable":true,"href":"https:\/\/henning-foerster.de\/index.php?rest_route=\/wp\/v2\/media\/15522"}],"wp:attachment":[{"href":"https:\/\/henning-foerster.de\/index.php?rest_route=%2Fwp%2Fv2%2Fmedia&parent=15521"}],"wp:term":[{"taxonomy":"category","embeddable":true,"href":"https:\/\/henning-foerster.de\/index.php?rest_route=%2Fwp%2Fv2%2Fcategories&post=15521"},{"taxonomy":"post_tag","embeddable":true,"href":"https:\/\/henning-foerster.de\/index.php?rest_route=%2Fwp%2Fv2%2Ftags&post=15521"}],"curies":[{"name":"wp","href":"https:\/\/api.w.org\/{rel}","templated":true}]}}