{"id":15470,"date":"2024-01-19T14:18:48","date_gmt":"2024-01-19T13:18:48","guid":{"rendered":"http:\/\/henning-foerster.de\/?p=15470"},"modified":"2024-01-19T14:18:48","modified_gmt":"2024-01-19T13:18:48","slug":"eroeffnung-ihrer-neuen-geschaeftsstelle-am-dreescher-markt","status":"publish","type":"post","link":"https:\/\/henning-foerster.de\/?p=15470","title":{"rendered":"Er\u00f6ffnung ihrer neuen Gesch\u00e4ftsstelle am Dreescher Markt"},"content":{"rendered":"\n<p>Heute Vormittag bin ich wieder im Wahlkreis unterwegs. Die Schweriner Gartenfreunde haben zur Er\u00f6ffnung ihrer neuen Gesch\u00e4ftsstelle am Dreescher Markt geladen. Dabei gab es auch die Gelegenheit \u00fcber Themen, wie Abriss und F\u00f6rderung bei Aufgabe von G\u00e4rten, Nachwuchsgewinnung f\u00fcr die Vorst\u00e4nde oder Dichtungspr\u00fcfungen zu sprechen.<\/p>\n\n\n\n<p><a href=\"https:\/\/www.facebook.com\/hashtag\/schwerinergartenfreunde?__eep__=6&amp;__cft__[0]=AZVNOp0QlRxNrbsr_QCyr9d_ivgSJY93-Y9qe4DyFa4vajnsmRGqa_vjudIy0hK7BVYlGad92-y8fvG65xovEQlnacGAogwpZk1j5Aq5IJqf1d88AhNPBCwlm0g0riq3J16RrKnDSJx7_ijPBhxnOOdVbzkkwXSFeqXxKgpvhdtZZPnC1u3hqHHXEEf2RuHMb0A&amp;__tn__=*NK-R\">#schwerinergartenfreunde<\/a><\/p>\n\n\n\n<p><a href=\"https:\/\/www.facebook.com\/hashtag\/kleingartenliebe?__eep__=6&amp;__cft__[0]=AZVNOp0QlRxNrbsr_QCyr9d_ivgSJY93-Y9qe4DyFa4vajnsmRGqa_vjudIy0hK7BVYlGad92-y8fvG65xovEQlnacGAogwpZk1j5Aq5IJqf1d88AhNPBCwlm0g0riq3J16RrKnDSJx7_ijPBhxnOOdVbzkkwXSFeqXxKgpvhdtZZPnC1u3hqHHXEEf2RuHMb0A&amp;__tn__=*NK-R\">#kleingartenliebe<\/a><\/p>\n\n\n\n<p><a href=\"https:\/\/www.facebook.com\/hashtag\/landeshauptstadtschwerin?__eep__=6&amp;__cft__[0]=AZVNOp0QlRxNrbsr_QCyr9d_ivgSJY93-Y9qe4DyFa4vajnsmRGqa_vjudIy0hK7BVYlGad92-y8fvG65xovEQlnacGAogwpZk1j5Aq5IJqf1d88AhNPBCwlm0g0riq3J16RrKnDSJx7_ijPBhxnOOdVbzkkwXSFeqXxKgpvhdtZZPnC1u3hqHHXEEf2RuHMb0A&amp;__tn__=*NK-R\">#landeshauptstadtschwerin<\/a><\/p>\n\n\n\n<p><a href=\"https:\/\/www.facebook.com\/hashtag\/wahlkreisschwerins%C3%BCd?__eep__=6&amp;__cft__[0]=AZVNOp0QlRxNrbsr_QCyr9d_ivgSJY93-Y9qe4DyFa4vajnsmRGqa_vjudIy0hK7BVYlGad92-y8fvG65xovEQlnacGAogwpZk1j5Aq5IJqf1d88AhNPBCwlm0g0riq3J16RrKnDSJx7_ijPBhxnOOdVbzkkwXSFeqXxKgpvhdtZZPnC1u3hqHHXEEf2RuHMb0A&amp;__tn__=*NK-R\">#wahlkreisschwerins\u00fcd<\/a><\/p>\n\n\n\n<p><a href=\"https:\/\/www.facebook.com\/hashtag\/b%C3%BCrgerb%C3%BCrohenningfoerster?__eep__=6&amp;__cft__[0]=AZVNOp0QlRxNrbsr_QCyr9d_ivgSJY93-Y9qe4DyFa4vajnsmRGqa_vjudIy0hK7BVYlGad92-y8fvG65xovEQlnacGAogwpZk1j5Aq5IJqf1d88AhNPBCwlm0g0riq3J16RrKnDSJx7_ijPBhxnOOdVbzkkwXSFeqXxKgpvhdtZZPnC1u3hqHHXEEf2RuHMb0A&amp;__tn__=*NK-R\">#b\u00fcrgerb\u00fcrohenningfoerster<\/a><\/p>\n\n\n\n<p><a href=\"https:\/\/www.facebook.com\/hashtag\/foerstervorort?__eep__=6&amp;__cft__[0]=AZVNOp0QlRxNrbsr_QCyr9d_ivgSJY93-Y9qe4DyFa4vajnsmRGqa_vjudIy0hK7BVYlGad92-y8fvG65xovEQlnacGAogwpZk1j5Aq5IJqf1d88AhNPBCwlm0g0riq3J16RrKnDSJx7_ijPBhxnOOdVbzkkwXSFeqXxKgpvhdtZZPnC1u3hqHHXEEf2RuHMb0A&amp;__tn__=*NK-R\">#foerstervorort<\/a><\/p>\n\n\n\nngg_shortcode_0_placeholder\n","protected":false},"excerpt":{"rendered":"<p>Heute Vormittag bin ich wieder im Wahlkreis unterwegs. Die Schweriner Gartenfreunde haben zur Er\u00f6ffnung ihrer neuen Gesch\u00e4ftsstelle am Dreescher Markt geladen. Dabei gab es auch die Gelegenheit \u00fcber Themen, wie Abriss und F\u00f6rderung bei Aufgabe von G\u00e4rten, Nachwuchsgewinnung f\u00fcr die Vorst\u00e4nde oder Dichtungspr\u00fcfungen zu sprechen. #schwerinergartenfreunde #kleingartenliebe #landeshauptstadtschwerin #wahlkreisschwerins\u00fcd #b\u00fcrgerb\u00fcrohenningfoerster #foerstervorort<\/p>\n","protected":false},"author":1,"featured_media":15471,"comment_status":"closed","ping_status":"closed","sticky":false,"template":"","format":"standard","meta":{"ngg_post_thumbnail":0,"footnotes":""},"categories":[3],"tags":[],"class_list":["post-15470","post","type-post","status-publish","format-standard","has-post-thumbnail","hentry","category-allgemein"],"_links":{"self":[{"href":"https:\/\/henning-foerster.de\/index.php?rest_route=\/wp\/v2\/posts\/15470","targetHints":{"allow":["GET"]}}],"collection":[{"href":"https:\/\/henning-foerster.de\/index.php?rest_route=\/wp\/v2\/posts"}],"about":[{"href":"https:\/\/henning-foerster.de\/index.php?rest_route=\/wp\/v2\/types\/post"}],"author":[{"embeddable":true,"href":"https:\/\/henning-foerster.de\/index.php?rest_route=\/wp\/v2\/users\/1"}],"replies":[{"embeddable":true,"href":"https:\/\/henning-foerster.de\/index.php?rest_route=%2Fwp%2Fv2%2Fcomments&post=15470"}],"version-history":[{"count":1,"href":"https:\/\/henning-foerster.de\/index.php?rest_route=\/wp\/v2\/posts\/15470\/revisions"}],"predecessor-version":[{"id":15472,"href":"https:\/\/henning-foerster.de\/index.php?rest_route=\/wp\/v2\/posts\/15470\/revisions\/15472"}],"wp:featuredmedia":[{"embeddable":true,"href":"https:\/\/henning-foerster.de\/index.php?rest_route=\/wp\/v2\/media\/15471"}],"wp:attachment":[{"href":"https:\/\/henning-foerster.de\/index.php?rest_route=%2Fwp%2Fv2%2Fmedia&parent=15470"}],"wp:term":[{"taxonomy":"category","embeddable":true,"href":"https:\/\/henning-foerster.de\/index.php?rest_route=%2Fwp%2Fv2%2Fcategories&post=15470"},{"taxonomy":"post_tag","embeddable":true,"href":"https:\/\/henning-foerster.de\/index.php?rest_route=%2Fwp%2Fv2%2Ftags&post=15470"}],"curies":[{"name":"wp","href":"https:\/\/api.w.org\/{rel}","templated":true}]}}