{"id":15467,"date":"2024-01-15T14:14:48","date_gmt":"2024-01-15T13:14:48","guid":{"rendered":"http:\/\/henning-foerster.de\/?p=15467"},"modified":"2024-01-19T14:17:02","modified_gmt":"2024-01-19T13:17:02","slug":"ein-starkes-signal-fuer-demokratie","status":"publish","type":"post","link":"https:\/\/henning-foerster.de\/?p=15467","title":{"rendered":"Ein starkes Signal f\u00fcr Demokratie"},"content":{"rendered":"\n<p>Wow Schwerin! Das war mal ein starkes Signal. Trotz eisiger Temperaturen war der Markt heute Abend voller Menschen. Ortsverband und Landtagsfraktion waren gut vertreten, die Botschaften klar. Kritik in der Sache geh\u00f6rt zu einer Demokratie dazu. Protest auch. Aber es gibt Grenzen. Das Geheimtreffen von Potsdam ist eine Grenz\u00fcberschreitung, die Widerspruch verlangt.<\/p>\n\n\n\n<p><a href=\"https:\/\/www.facebook.com\/hashtag\/landeshauptstadtschwerin?__eep__=6&amp;__cft__[0]=AZX_6lkXhRyGy2X_I6_wi-lvm1RRORGZg4_tzwovN8t-ryL0Ienh_GiZZ4bigXJ1CUETOAjDzg9fl3-arqIVOmpscQqs_5gk0Ty_nKkPjMba5eLL9PV9rJD1D692ubWhlDUeBfwFcl1rSkikeypnoj0iQM885q5xBjekeB9uMB4smPJX1GcHxI7zTiRrMiKBC4w&amp;__tn__=*NK-R\">#landeshauptstadtschwerin<\/a><\/p>\n\n\n\n<p><a href=\"https:\/\/www.facebook.com\/hashtag\/niewiederistjetzt?__eep__=6&amp;__cft__[0]=AZX_6lkXhRyGy2X_I6_wi-lvm1RRORGZg4_tzwovN8t-ryL0Ienh_GiZZ4bigXJ1CUETOAjDzg9fl3-arqIVOmpscQqs_5gk0Ty_nKkPjMba5eLL9PV9rJD1D692ubWhlDUeBfwFcl1rSkikeypnoj0iQM885q5xBjekeB9uMB4smPJX1GcHxI7zTiRrMiKBC4w&amp;__tn__=*NK-R\">#niewiederistjetzt<\/a><\/p>\n\n\n\n<p><a href=\"https:\/\/www.facebook.com\/hashtag\/b%C3%BCrgerb%C3%BCrohenningfoerster?__eep__=6&amp;__cft__[0]=AZX_6lkXhRyGy2X_I6_wi-lvm1RRORGZg4_tzwovN8t-ryL0Ienh_GiZZ4bigXJ1CUETOAjDzg9fl3-arqIVOmpscQqs_5gk0Ty_nKkPjMba5eLL9PV9rJD1D692ubWhlDUeBfwFcl1rSkikeypnoj0iQM885q5xBjekeB9uMB4smPJX1GcHxI7zTiRrMiKBC4w&amp;__tn__=*NK-R\">#b\u00fcrgerb\u00fcrohenningfoerster<\/a><\/p>\n\n\n\n<p><a href=\"https:\/\/www.facebook.com\/hashtag\/foerstervorort?__eep__=6&amp;__cft__[0]=AZX_6lkXhRyGy2X_I6_wi-lvm1RRORGZg4_tzwovN8t-ryL0Ienh_GiZZ4bigXJ1CUETOAjDzg9fl3-arqIVOmpscQqs_5gk0Ty_nKkPjMba5eLL9PV9rJD1D692ubWhlDUeBfwFcl1rSkikeypnoj0iQM885q5xBjekeB9uMB4smPJX1GcHxI7zTiRrMiKBC4w&amp;__tn__=*NK-R\">#foerstervorort<\/a><\/p>\n\n\n\nngg_shortcode_0_placeholder\n","protected":false},"excerpt":{"rendered":"<p>Wow Schwerin! Das war mal ein starkes Signal. Trotz eisiger Temperaturen war der Markt heute Abend voller Menschen. Ortsverband und Landtagsfraktion waren gut vertreten, die Botschaften klar. Kritik in der Sache geh\u00f6rt zu einer Demokratie dazu. Protest auch. Aber es gibt Grenzen. Das Geheimtreffen von Potsdam ist eine Grenz\u00fcberschreitung, die Widerspruch verlangt. #landeshauptstadtschwerin #niewiederistjetzt #b\u00fcrgerb\u00fcrohenningfoerster [&hellip;]<\/p>\n","protected":false},"author":1,"featured_media":15468,"comment_status":"closed","ping_status":"closed","sticky":false,"template":"","format":"standard","meta":{"ngg_post_thumbnail":0,"footnotes":""},"categories":[3],"tags":[],"class_list":["post-15467","post","type-post","status-publish","format-standard","has-post-thumbnail","hentry","category-allgemein"],"_links":{"self":[{"href":"https:\/\/henning-foerster.de\/index.php?rest_route=\/wp\/v2\/posts\/15467","targetHints":{"allow":["GET"]}}],"collection":[{"href":"https:\/\/henning-foerster.de\/index.php?rest_route=\/wp\/v2\/posts"}],"about":[{"href":"https:\/\/henning-foerster.de\/index.php?rest_route=\/wp\/v2\/types\/post"}],"author":[{"embeddable":true,"href":"https:\/\/henning-foerster.de\/index.php?rest_route=\/wp\/v2\/users\/1"}],"replies":[{"embeddable":true,"href":"https:\/\/henning-foerster.de\/index.php?rest_route=%2Fwp%2Fv2%2Fcomments&post=15467"}],"version-history":[{"count":1,"href":"https:\/\/henning-foerster.de\/index.php?rest_route=\/wp\/v2\/posts\/15467\/revisions"}],"predecessor-version":[{"id":15469,"href":"https:\/\/henning-foerster.de\/index.php?rest_route=\/wp\/v2\/posts\/15467\/revisions\/15469"}],"wp:featuredmedia":[{"embeddable":true,"href":"https:\/\/henning-foerster.de\/index.php?rest_route=\/wp\/v2\/media\/15468"}],"wp:attachment":[{"href":"https:\/\/henning-foerster.de\/index.php?rest_route=%2Fwp%2Fv2%2Fmedia&parent=15467"}],"wp:term":[{"taxonomy":"category","embeddable":true,"href":"https:\/\/henning-foerster.de\/index.php?rest_route=%2Fwp%2Fv2%2Fcategories&post=15467"},{"taxonomy":"post_tag","embeddable":true,"href":"https:\/\/henning-foerster.de\/index.php?rest_route=%2Fwp%2Fv2%2Ftags&post=15467"}],"curies":[{"name":"wp","href":"https:\/\/api.w.org\/{rel}","templated":true}]}}