{"id":15464,"date":"2024-01-12T14:12:50","date_gmt":"2024-01-12T13:12:50","guid":{"rendered":"http:\/\/henning-foerster.de\/?p=15464"},"modified":"2024-01-19T14:14:40","modified_gmt":"2024-01-19T13:14:40","slug":"sachspende-an-das-schweriner-patchworkcenter","status":"publish","type":"post","link":"https:\/\/henning-foerster.de\/?p=15464","title":{"rendered":"Sachspende an das Schweriner Patchworkcenter"},"content":{"rendered":"\n<p>Zum Jahresbeginn habe ich heute Nachmittag wieder eine Sachspende an das Schweriner Patchworkcenter \u00fcbergeben. Vor allem die Kinder haben sich sehr \u00fcber das Spielzeug gefreut.<\/p>\n\n\n\n<p><a href=\"https:\/\/www.facebook.com\/hashtag\/patchworkcenterschwerin?__eep__=6&amp;__cft__[0]=AZUxXre84OkI0Qfw1ZA99vN7_gxv0THJK3RrARJ7jp0D9O2ZU0nPMKzwJJlFCsYbPahV48RKbeIfZoTHjz5gB35O7cKatuhGlrvGUdTjToLC3wBci_avLqVyR2hhA3OwHI5c7Nne3Bf5WKN0y_UiO_3ZiQUwipZgplK7tXka-ciD39xMZQvaRWW7GstXTukQOdQ&amp;__tn__=*NK-R\">#patchworkcenterschwerin<\/a><\/p>\n\n\n\n<p><a href=\"https:\/\/www.facebook.com\/hashtag\/landeshauptstadtschwerin?__eep__=6&amp;__cft__[0]=AZUxXre84OkI0Qfw1ZA99vN7_gxv0THJK3RrARJ7jp0D9O2ZU0nPMKzwJJlFCsYbPahV48RKbeIfZoTHjz5gB35O7cKatuhGlrvGUdTjToLC3wBci_avLqVyR2hhA3OwHI5c7Nne3Bf5WKN0y_UiO_3ZiQUwipZgplK7tXka-ciD39xMZQvaRWW7GstXTukQOdQ&amp;__tn__=*NK-R\">#landeshauptstadtschwerin<\/a><\/p>\n\n\n\n<p><a href=\"https:\/\/www.facebook.com\/hashtag\/wahlkreisschwerins%C3%BCd?__eep__=6&amp;__cft__[0]=AZUxXre84OkI0Qfw1ZA99vN7_gxv0THJK3RrARJ7jp0D9O2ZU0nPMKzwJJlFCsYbPahV48RKbeIfZoTHjz5gB35O7cKatuhGlrvGUdTjToLC3wBci_avLqVyR2hhA3OwHI5c7Nne3Bf5WKN0y_UiO_3ZiQUwipZgplK7tXka-ciD39xMZQvaRWW7GstXTukQOdQ&amp;__tn__=*NK-R\">#wahlkreisschwerins\u00fcd<\/a><\/p>\n\n\n\n<p><a href=\"https:\/\/www.facebook.com\/hashtag\/foerstervorort?__eep__=6&amp;__cft__[0]=AZUxXre84OkI0Qfw1ZA99vN7_gxv0THJK3RrARJ7jp0D9O2ZU0nPMKzwJJlFCsYbPahV48RKbeIfZoTHjz5gB35O7cKatuhGlrvGUdTjToLC3wBci_avLqVyR2hhA3OwHI5c7Nne3Bf5WKN0y_UiO_3ZiQUwipZgplK7tXka-ciD39xMZQvaRWW7GstXTukQOdQ&amp;__tn__=*NK-R\">#foerstervorort<\/a><\/p>\n","protected":false},"excerpt":{"rendered":"<p>Zum Jahresbeginn habe ich heute Nachmittag wieder eine Sachspende an das Schweriner Patchworkcenter \u00fcbergeben. Vor allem die Kinder haben sich sehr \u00fcber das Spielzeug gefreut. #patchworkcenterschwerin #landeshauptstadtschwerin #wahlkreisschwerins\u00fcd #foerstervorort<\/p>\n","protected":false},"author":1,"featured_media":15465,"comment_status":"closed","ping_status":"closed","sticky":false,"template":"","format":"standard","meta":{"ngg_post_thumbnail":0,"footnotes":""},"categories":[3],"tags":[],"class_list":["post-15464","post","type-post","status-publish","format-standard","has-post-thumbnail","hentry","category-allgemein"],"_links":{"self":[{"href":"https:\/\/henning-foerster.de\/index.php?rest_route=\/wp\/v2\/posts\/15464","targetHints":{"allow":["GET"]}}],"collection":[{"href":"https:\/\/henning-foerster.de\/index.php?rest_route=\/wp\/v2\/posts"}],"about":[{"href":"https:\/\/henning-foerster.de\/index.php?rest_route=\/wp\/v2\/types\/post"}],"author":[{"embeddable":true,"href":"https:\/\/henning-foerster.de\/index.php?rest_route=\/wp\/v2\/users\/1"}],"replies":[{"embeddable":true,"href":"https:\/\/henning-foerster.de\/index.php?rest_route=%2Fwp%2Fv2%2Fcomments&post=15464"}],"version-history":[{"count":1,"href":"https:\/\/henning-foerster.de\/index.php?rest_route=\/wp\/v2\/posts\/15464\/revisions"}],"predecessor-version":[{"id":15466,"href":"https:\/\/henning-foerster.de\/index.php?rest_route=\/wp\/v2\/posts\/15464\/revisions\/15466"}],"wp:featuredmedia":[{"embeddable":true,"href":"https:\/\/henning-foerster.de\/index.php?rest_route=\/wp\/v2\/media\/15465"}],"wp:attachment":[{"href":"https:\/\/henning-foerster.de\/index.php?rest_route=%2Fwp%2Fv2%2Fmedia&parent=15464"}],"wp:term":[{"taxonomy":"category","embeddable":true,"href":"https:\/\/henning-foerster.de\/index.php?rest_route=%2Fwp%2Fv2%2Fcategories&post=15464"},{"taxonomy":"post_tag","embeddable":true,"href":"https:\/\/henning-foerster.de\/index.php?rest_route=%2Fwp%2Fv2%2Ftags&post=15464"}],"curies":[{"name":"wp","href":"https:\/\/api.w.org\/{rel}","templated":true}]}}