{"id":15408,"date":"2023-12-01T10:10:12","date_gmt":"2023-12-01T09:10:12","guid":{"rendered":"http:\/\/henning-foerster.de\/?p=15408"},"modified":"2023-12-11T10:11:07","modified_gmt":"2023-12-11T09:11:07","slug":"15408","status":"publish","type":"post","link":"https:\/\/henning-foerster.de\/?p=15408","title":{"rendered":""},"content":{"rendered":"\n<p>Als DGB Stadtvorstand haben wir heute in Schwerin unsere langj\u00e4hrige Kollegin Petra Kranig verabschiedet. Ich bedanke mich ganz herzlich f\u00fcr viele Jahre einer stets freundlichen und verl\u00e4sslichen Zusammenarbeit.<\/p>\n\n\n\n<p><a href=\"https:\/\/www.facebook.com\/hashtag\/dgbrostockschwerin?__eep__=6&amp;__cft__[0]=AZUNpfIz2PIapq4SXGB1Slx85y2uoLsg2eoylA6nWbgqesK05ZuPgzAHJBjrzQgKZE-WCkLH0WUP20fG753_QZ3dwGkqgmHDEudKphvV3UnrlloFPy7vljSdpedXCXGvHFWChJ1bg4HdyTnQX047xXboWuDtTPz0EHS1jOHQEf9J7AlZ2zAFcQpMa39Vz4BlPEs&amp;__tn__=*NK-R\">#dgbrostockschwerin<\/a><\/p>\n\n\n\n<p><a href=\"https:\/\/www.facebook.com\/hashtag\/landeshauptstadtschwerin?__eep__=6&amp;__cft__[0]=AZUNpfIz2PIapq4SXGB1Slx85y2uoLsg2eoylA6nWbgqesK05ZuPgzAHJBjrzQgKZE-WCkLH0WUP20fG753_QZ3dwGkqgmHDEudKphvV3UnrlloFPy7vljSdpedXCXGvHFWChJ1bg4HdyTnQX047xXboWuDtTPz0EHS1jOHQEf9J7AlZ2zAFcQpMa39Vz4BlPEs&amp;__tn__=*NK-R\">#landeshauptstadtschwerin<\/a><\/p>\n\n\n\n<p><a href=\"https:\/\/www.facebook.com\/hashtag\/dgbnord?__eep__=6&amp;__cft__[0]=AZUNpfIz2PIapq4SXGB1Slx85y2uoLsg2eoylA6nWbgqesK05ZuPgzAHJBjrzQgKZE-WCkLH0WUP20fG753_QZ3dwGkqgmHDEudKphvV3UnrlloFPy7vljSdpedXCXGvHFWChJ1bg4HdyTnQX047xXboWuDtTPz0EHS1jOHQEf9J7AlZ2zAFcQpMa39Vz4BlPEs&amp;__tn__=*NK-R\">#dgbnord<\/a><\/p>\n\n\n\n<p><a href=\"https:\/\/www.facebook.com\/hashtag\/foerstervorort?__eep__=6&amp;__cft__[0]=AZUNpfIz2PIapq4SXGB1Slx85y2uoLsg2eoylA6nWbgqesK05ZuPgzAHJBjrzQgKZE-WCkLH0WUP20fG753_QZ3dwGkqgmHDEudKphvV3UnrlloFPy7vljSdpedXCXGvHFWChJ1bg4HdyTnQX047xXboWuDtTPz0EHS1jOHQEf9J7AlZ2zAFcQpMa39Vz4BlPEs&amp;__tn__=*NK-R\">#foerstervorort<\/a><\/p>\n","protected":false},"excerpt":{"rendered":"<p>Als DGB Stadtvorstand haben wir heute in Schwerin unsere langj\u00e4hrige Kollegin Petra Kranig verabschiedet. Ich bedanke mich ganz herzlich f\u00fcr viele Jahre einer stets freundlichen und verl\u00e4sslichen Zusammenarbeit. #dgbrostockschwerin #landeshauptstadtschwerin #dgbnord #foerstervorort<\/p>\n","protected":false},"author":1,"featured_media":15409,"comment_status":"closed","ping_status":"closed","sticky":false,"template":"","format":"standard","meta":{"ngg_post_thumbnail":0,"footnotes":""},"categories":[3],"tags":[],"class_list":["post-15408","post","type-post","status-publish","format-standard","has-post-thumbnail","hentry","category-allgemein"],"_links":{"self":[{"href":"https:\/\/henning-foerster.de\/index.php?rest_route=\/wp\/v2\/posts\/15408","targetHints":{"allow":["GET"]}}],"collection":[{"href":"https:\/\/henning-foerster.de\/index.php?rest_route=\/wp\/v2\/posts"}],"about":[{"href":"https:\/\/henning-foerster.de\/index.php?rest_route=\/wp\/v2\/types\/post"}],"author":[{"embeddable":true,"href":"https:\/\/henning-foerster.de\/index.php?rest_route=\/wp\/v2\/users\/1"}],"replies":[{"embeddable":true,"href":"https:\/\/henning-foerster.de\/index.php?rest_route=%2Fwp%2Fv2%2Fcomments&post=15408"}],"version-history":[{"count":1,"href":"https:\/\/henning-foerster.de\/index.php?rest_route=\/wp\/v2\/posts\/15408\/revisions"}],"predecessor-version":[{"id":15410,"href":"https:\/\/henning-foerster.de\/index.php?rest_route=\/wp\/v2\/posts\/15408\/revisions\/15410"}],"wp:featuredmedia":[{"embeddable":true,"href":"https:\/\/henning-foerster.de\/index.php?rest_route=\/wp\/v2\/media\/15409"}],"wp:attachment":[{"href":"https:\/\/henning-foerster.de\/index.php?rest_route=%2Fwp%2Fv2%2Fmedia&parent=15408"}],"wp:term":[{"taxonomy":"category","embeddable":true,"href":"https:\/\/henning-foerster.de\/index.php?rest_route=%2Fwp%2Fv2%2Fcategories&post=15408"},{"taxonomy":"post_tag","embeddable":true,"href":"https:\/\/henning-foerster.de\/index.php?rest_route=%2Fwp%2Fv2%2Ftags&post=15408"}],"curies":[{"name":"wp","href":"https:\/\/api.w.org\/{rel}","templated":true}]}}