{"id":15405,"date":"2023-12-02T10:08:20","date_gmt":"2023-12-02T09:08:20","guid":{"rendered":"http:\/\/henning-foerster.de\/?p=15405"},"modified":"2023-12-11T10:10:03","modified_gmt":"2023-12-11T09:10:03","slug":"adventsbasar-im-muesser-holz","status":"publish","type":"post","link":"https:\/\/henning-foerster.de\/?p=15405","title":{"rendered":"Adventsbasar im Mue\u00dfer Holz"},"content":{"rendered":"\n<p>Heute ist Adventsbasar im Mue\u00dfer Holz. Wie gern w\u00e4re ich selbst dabei gewesen. Leider geht das Corona Virus wieder um. Deshalb hat meine liebe Kollegin MdB Ina Latendorf heute unseren Baum und den Landtagskalender \u00fcbergeben.<\/p>\n\n\n\n<p><a href=\"https:\/\/www.facebook.com\/hashtag\/adventsmarktmue%C3%9Ferholz?__eep__=6&amp;__cft__[0]=AZX_ydANa32mp0bs2Cw2JjzXPOUfJlb-kflo4w9bPWSW1Cs-1lYLozHNW-QR8Ly9vmB1uvlwqKU6_0uJ6a0PbH4iCsABPxzvu8c3NnvS6zzf2-9Tp2wYtaFJmHrzO2kPDcfJA1ZoZcSLKY8Apk7ny5hwacmnKdLPDxKXgEvTbFzJZopwR9pxK3jF62u7rV8vly8&amp;__tn__=*NK-R\">#adventsmarktmue\u00dferholz<\/a><\/p>\n\n\n\n<p><a href=\"https:\/\/www.facebook.com\/hashtag\/landeshauptstadtschwerin?__eep__=6&amp;__cft__[0]=AZX_ydANa32mp0bs2Cw2JjzXPOUfJlb-kflo4w9bPWSW1Cs-1lYLozHNW-QR8Ly9vmB1uvlwqKU6_0uJ6a0PbH4iCsABPxzvu8c3NnvS6zzf2-9Tp2wYtaFJmHrzO2kPDcfJA1ZoZcSLKY8Apk7ny5hwacmnKdLPDxKXgEvTbFzJZopwR9pxK3jF62u7rV8vly8&amp;__tn__=*NK-R\">#landeshauptstadtschwerin<\/a><\/p>\n\n\n\n<p><a href=\"https:\/\/www.facebook.com\/hashtag\/b%C3%BCrgerb%C3%BCrohenningfoerster?__eep__=6&amp;__cft__[0]=AZX_ydANa32mp0bs2Cw2JjzXPOUfJlb-kflo4w9bPWSW1Cs-1lYLozHNW-QR8Ly9vmB1uvlwqKU6_0uJ6a0PbH4iCsABPxzvu8c3NnvS6zzf2-9Tp2wYtaFJmHrzO2kPDcfJA1ZoZcSLKY8Apk7ny5hwacmnKdLPDxKXgEvTbFzJZopwR9pxK3jF62u7rV8vly8&amp;__tn__=*NK-R\">#b\u00fcrgerb\u00fcrohenningfoerster<\/a><\/p>\n\n\n\n<p><a href=\"https:\/\/www.facebook.com\/hashtag\/weihnachtszeit?__eep__=6&amp;__cft__[0]=AZX_ydANa32mp0bs2Cw2JjzXPOUfJlb-kflo4w9bPWSW1Cs-1lYLozHNW-QR8Ly9vmB1uvlwqKU6_0uJ6a0PbH4iCsABPxzvu8c3NnvS6zzf2-9Tp2wYtaFJmHrzO2kPDcfJA1ZoZcSLKY8Apk7ny5hwacmnKdLPDxKXgEvTbFzJZopwR9pxK3jF62u7rV8vly8&amp;__tn__=*NK-R\">#weihnachtszeit<\/a><\/p>\n\n\n\n<p><a href=\"https:\/\/www.facebook.com\/hashtag\/inalatendorf?__eep__=6&amp;__cft__[0]=AZX_ydANa32mp0bs2Cw2JjzXPOUfJlb-kflo4w9bPWSW1Cs-1lYLozHNW-QR8Ly9vmB1uvlwqKU6_0uJ6a0PbH4iCsABPxzvu8c3NnvS6zzf2-9Tp2wYtaFJmHrzO2kPDcfJA1ZoZcSLKY8Apk7ny5hwacmnKdLPDxKXgEvTbFzJZopwR9pxK3jF62u7rV8vly8&amp;__tn__=*NK-R\">#inalatendorf<\/a><\/p>\n\n\n\nngg_shortcode_0_placeholder\n","protected":false},"excerpt":{"rendered":"<p>Heute ist Adventsbasar im Mue\u00dfer Holz. Wie gern w\u00e4re ich selbst dabei gewesen. Leider geht das Corona Virus wieder um. Deshalb hat meine liebe Kollegin MdB Ina Latendorf heute unseren Baum und den Landtagskalender \u00fcbergeben. #adventsmarktmue\u00dferholz #landeshauptstadtschwerin #b\u00fcrgerb\u00fcrohenningfoerster #weihnachtszeit #inalatendorf<\/p>\n","protected":false},"author":1,"featured_media":15406,"comment_status":"closed","ping_status":"closed","sticky":false,"template":"","format":"standard","meta":{"ngg_post_thumbnail":0,"footnotes":""},"categories":[3],"tags":[],"class_list":["post-15405","post","type-post","status-publish","format-standard","has-post-thumbnail","hentry","category-allgemein"],"_links":{"self":[{"href":"https:\/\/henning-foerster.de\/index.php?rest_route=\/wp\/v2\/posts\/15405","targetHints":{"allow":["GET"]}}],"collection":[{"href":"https:\/\/henning-foerster.de\/index.php?rest_route=\/wp\/v2\/posts"}],"about":[{"href":"https:\/\/henning-foerster.de\/index.php?rest_route=\/wp\/v2\/types\/post"}],"author":[{"embeddable":true,"href":"https:\/\/henning-foerster.de\/index.php?rest_route=\/wp\/v2\/users\/1"}],"replies":[{"embeddable":true,"href":"https:\/\/henning-foerster.de\/index.php?rest_route=%2Fwp%2Fv2%2Fcomments&post=15405"}],"version-history":[{"count":1,"href":"https:\/\/henning-foerster.de\/index.php?rest_route=\/wp\/v2\/posts\/15405\/revisions"}],"predecessor-version":[{"id":15407,"href":"https:\/\/henning-foerster.de\/index.php?rest_route=\/wp\/v2\/posts\/15405\/revisions\/15407"}],"wp:featuredmedia":[{"embeddable":true,"href":"https:\/\/henning-foerster.de\/index.php?rest_route=\/wp\/v2\/media\/15406"}],"wp:attachment":[{"href":"https:\/\/henning-foerster.de\/index.php?rest_route=%2Fwp%2Fv2%2Fmedia&parent=15405"}],"wp:term":[{"taxonomy":"category","embeddable":true,"href":"https:\/\/henning-foerster.de\/index.php?rest_route=%2Fwp%2Fv2%2Fcategories&post=15405"},{"taxonomy":"post_tag","embeddable":true,"href":"https:\/\/henning-foerster.de\/index.php?rest_route=%2Fwp%2Fv2%2Ftags&post=15405"}],"curies":[{"name":"wp","href":"https:\/\/api.w.org\/{rel}","templated":true}]}}