{"id":15399,"date":"2023-12-06T10:01:58","date_gmt":"2023-12-06T09:01:58","guid":{"rendered":"http:\/\/henning-foerster.de\/?p=15399"},"modified":"2023-12-11T10:06:27","modified_gmt":"2023-12-11T09:06:27","slug":"vaeterchen-frost-verteilt-geschenke-an-die-kinder","status":"publish","type":"post","link":"https:\/\/henning-foerster.de\/?p=15399","title":{"rendered":"V\u00e4terchen Frost verteilt Geschenke an die Kinder"},"content":{"rendered":"\n<p>F\u00fcr strahlende Kinderaugen sorgten heute V\u00e4terchen Frost und seine flei\u00dfigen Helferinnen auf der Kinderstation der Helios Kliniken Schwerin. Seit vielen Jahren wird diese Aktion auch von mir unterst\u00fctzt. Da ich mit Corona nat\u00fcrlich nicht ins Klinikum gehe, vertritt Viktor Micheilis heute das B\u00fcrgerb\u00fcro vor Ort.<\/p>\n\n\n\n<p><a href=\"https:\/\/www.facebook.com\/hashtag\/busstopschwerin?__eep__=6&amp;__cft__[0]=AZXfpCfV8gQaac9CuwSaJJCDMFFxs9Qg5vasa4EvlvcY-pIsI96xBXV0YtmczsAoIeRrXaDSLb8EeRLHbtm0bT0BQeKszGwKsKI04bfX1EFOVqfveKl6mixiQ6lovIHQzZNRPq-kyvUf585dMmLGqKuToeOrA3-n191ZdXH8j7meEYBFQZoSeGKiFGCUTnSS0Js&amp;__tn__=*NK-R\">#busstopschwerin<\/a><\/p>\n\n\n\n<p><a href=\"https:\/\/www.facebook.com\/hashtag\/heliosklinikschwerin?__eep__=6&amp;__cft__[0]=AZXfpCfV8gQaac9CuwSaJJCDMFFxs9Qg5vasa4EvlvcY-pIsI96xBXV0YtmczsAoIeRrXaDSLb8EeRLHbtm0bT0BQeKszGwKsKI04bfX1EFOVqfveKl6mixiQ6lovIHQzZNRPq-kyvUf585dMmLGqKuToeOrA3-n191ZdXH8j7meEYBFQZoSeGKiFGCUTnSS0Js&amp;__tn__=*NK-R\">#heliosklinikschwerin<\/a><\/p>\n\n\n\n<p><a href=\"https:\/\/www.facebook.com\/hashtag\/landeshauptstadtschwerin?__eep__=6&amp;__cft__[0]=AZXfpCfV8gQaac9CuwSaJJCDMFFxs9Qg5vasa4EvlvcY-pIsI96xBXV0YtmczsAoIeRrXaDSLb8EeRLHbtm0bT0BQeKszGwKsKI04bfX1EFOVqfveKl6mixiQ6lovIHQzZNRPq-kyvUf585dMmLGqKuToeOrA3-n191ZdXH8j7meEYBFQZoSeGKiFGCUTnSS0Js&amp;__tn__=*NK-R\">#landeshauptstadtschwerin<\/a><\/p>\n\n\n\n<p><a href=\"https:\/\/www.facebook.com\/hashtag\/weihnachten2023?__eep__=6&amp;__cft__[0]=AZXfpCfV8gQaac9CuwSaJJCDMFFxs9Qg5vasa4EvlvcY-pIsI96xBXV0YtmczsAoIeRrXaDSLb8EeRLHbtm0bT0BQeKszGwKsKI04bfX1EFOVqfveKl6mixiQ6lovIHQzZNRPq-kyvUf585dMmLGqKuToeOrA3-n191ZdXH8j7meEYBFQZoSeGKiFGCUTnSS0Js&amp;__tn__=*NK-R\">#weihnachten2023<\/a><\/p>\n\n\n\n<p><a href=\"https:\/\/www.facebook.com\/hashtag\/kinderlachen?__eep__=6&amp;__cft__[0]=AZXfpCfV8gQaac9CuwSaJJCDMFFxs9Qg5vasa4EvlvcY-pIsI96xBXV0YtmczsAoIeRrXaDSLb8EeRLHbtm0bT0BQeKszGwKsKI04bfX1EFOVqfveKl6mixiQ6lovIHQzZNRPq-kyvUf585dMmLGqKuToeOrA3-n191ZdXH8j7meEYBFQZoSeGKiFGCUTnSS0Js&amp;__tn__=*NK-R\">#kinderlachen<\/a><\/p>\n\n\n\n<p><a href=\"https:\/\/www.facebook.com\/hashtag\/b%C3%BCrgerb%C3%BCrohenningfoerster?__eep__=6&amp;__cft__[0]=AZXfpCfV8gQaac9CuwSaJJCDMFFxs9Qg5vasa4EvlvcY-pIsI96xBXV0YtmczsAoIeRrXaDSLb8EeRLHbtm0bT0BQeKszGwKsKI04bfX1EFOVqfveKl6mixiQ6lovIHQzZNRPq-kyvUf585dMmLGqKuToeOrA3-n191ZdXH8j7meEYBFQZoSeGKiFGCUTnSS0Js&amp;__tn__=*NK-R\">#b\u00fcrgerb\u00fcrohenningfoerster<\/a><\/p>\n\n\n\nngg_shortcode_0_placeholder\n","protected":false},"excerpt":{"rendered":"<p>F\u00fcr strahlende Kinderaugen sorgten heute V\u00e4terchen Frost und seine flei\u00dfigen Helferinnen auf der Kinderstation der Helios Kliniken Schwerin. Seit vielen Jahren wird diese Aktion auch von mir unterst\u00fctzt. Da ich mit Corona nat\u00fcrlich nicht ins Klinikum gehe, vertritt Viktor Micheilis heute das B\u00fcrgerb\u00fcro vor Ort. #busstopschwerin #heliosklinikschwerin #landeshauptstadtschwerin #weihnachten2023 #kinderlachen #b\u00fcrgerb\u00fcrohenningfoerster<\/p>\n","protected":false},"author":1,"featured_media":15400,"comment_status":"closed","ping_status":"closed","sticky":false,"template":"","format":"standard","meta":{"ngg_post_thumbnail":0,"footnotes":""},"categories":[3],"tags":[],"class_list":["post-15399","post","type-post","status-publish","format-standard","has-post-thumbnail","hentry","category-allgemein"],"_links":{"self":[{"href":"https:\/\/henning-foerster.de\/index.php?rest_route=\/wp\/v2\/posts\/15399","targetHints":{"allow":["GET"]}}],"collection":[{"href":"https:\/\/henning-foerster.de\/index.php?rest_route=\/wp\/v2\/posts"}],"about":[{"href":"https:\/\/henning-foerster.de\/index.php?rest_route=\/wp\/v2\/types\/post"}],"author":[{"embeddable":true,"href":"https:\/\/henning-foerster.de\/index.php?rest_route=\/wp\/v2\/users\/1"}],"replies":[{"embeddable":true,"href":"https:\/\/henning-foerster.de\/index.php?rest_route=%2Fwp%2Fv2%2Fcomments&post=15399"}],"version-history":[{"count":1,"href":"https:\/\/henning-foerster.de\/index.php?rest_route=\/wp\/v2\/posts\/15399\/revisions"}],"predecessor-version":[{"id":15401,"href":"https:\/\/henning-foerster.de\/index.php?rest_route=\/wp\/v2\/posts\/15399\/revisions\/15401"}],"wp:featuredmedia":[{"embeddable":true,"href":"https:\/\/henning-foerster.de\/index.php?rest_route=\/wp\/v2\/media\/15400"}],"wp:attachment":[{"href":"https:\/\/henning-foerster.de\/index.php?rest_route=%2Fwp%2Fv2%2Fmedia&parent=15399"}],"wp:term":[{"taxonomy":"category","embeddable":true,"href":"https:\/\/henning-foerster.de\/index.php?rest_route=%2Fwp%2Fv2%2Fcategories&post=15399"},{"taxonomy":"post_tag","embeddable":true,"href":"https:\/\/henning-foerster.de\/index.php?rest_route=%2Fwp%2Fv2%2Ftags&post=15399"}],"curies":[{"name":"wp","href":"https:\/\/api.w.org\/{rel}","templated":true}]}}