{"id":15245,"date":"2023-09-01T14:44:48","date_gmt":"2023-09-01T12:44:48","guid":{"rendered":"http:\/\/henning-foerster.de\/?p=15245"},"modified":"2023-09-11T14:59:32","modified_gmt":"2023-09-11T12:59:32","slug":"zu-besuch-des-unternehmens-miltenyi-biontec","status":"publish","type":"post","link":"https:\/\/henning-foerster.de\/?p=15245","title":{"rendered":"zu Besuch des Unternehmens Miltenyi Biontec"},"content":{"rendered":"\n<p>Als wirtschaftspolitischer Sprecher ist es mir ein Anliegen, die St\u00e4rken unseres Landes auszubauen. Die Gesundheitswirtschaft ist ein Wirtschaftsbereich in dem M-V f\u00fchrend in der Bundesrepublik ist. Davon konnten wir uns heute beim Besuch des Unternehmens Miltenyi Biontec in Teterow \u00fcberzeugen. Sechshundert Besch\u00e4ftigte arbeiten dort an hoch innovativen Produkten. Danke f\u00fcr den spannenden Einblick.<\/p>\n\n\n\n<p><a href=\"https:\/\/www.facebook.com\/hashtag\/teterow?__eep__=6&amp;__cft__[0]=AZU-RDgFReGKfmGdLicC8MqERXj6N48ilss53b4GHpAZHgwmlFrr2-FcQyFNNqRUR4_rQs-qH1u7wNQ7mg6B778H68gp8lB3xAXb7aZcdlawCbqkFOoI2iL4Tuo1YHkFS372Lwjrly6RHLqDlOHp25eW_5NtAqoRdcHBvVaG0X8R79oXycFU-zf-jUU742u4HQI&amp;__tn__=*NK-R\">#teterow<\/a><\/p>\n\n\n\n<p><a href=\"https:\/\/www.facebook.com\/hashtag\/torstenkoplin?__eep__=6&amp;__cft__[0]=AZU-RDgFReGKfmGdLicC8MqERXj6N48ilss53b4GHpAZHgwmlFrr2-FcQyFNNqRUR4_rQs-qH1u7wNQ7mg6B778H68gp8lB3xAXb7aZcdlawCbqkFOoI2iL4Tuo1YHkFS372Lwjrly6RHLqDlOHp25eW_5NtAqoRdcHBvVaG0X8R79oXycFU-zf-jUU742u4HQI&amp;__tn__=*NK-R\">#torstenkoplin<\/a><\/p>\n\n\n\n<p><a href=\"https:\/\/www.facebook.com\/hashtag\/miltenyibiotec?__eep__=6&amp;__cft__[0]=AZU-RDgFReGKfmGdLicC8MqERXj6N48ilss53b4GHpAZHgwmlFrr2-FcQyFNNqRUR4_rQs-qH1u7wNQ7mg6B778H68gp8lB3xAXb7aZcdlawCbqkFOoI2iL4Tuo1YHkFS372Lwjrly6RHLqDlOHp25eW_5NtAqoRdcHBvVaG0X8R79oXycFU-zf-jUU742u4HQI&amp;__tn__=*NK-R\">#miltenyibiotec<\/a><\/p>\n\n\n\n<p><a href=\"https:\/\/www.facebook.com\/hashtag\/foerstervorort?__eep__=6&amp;__cft__[0]=AZU-RDgFReGKfmGdLicC8MqERXj6N48ilss53b4GHpAZHgwmlFrr2-FcQyFNNqRUR4_rQs-qH1u7wNQ7mg6B778H68gp8lB3xAXb7aZcdlawCbqkFOoI2iL4Tuo1YHkFS372Lwjrly6RHLqDlOHp25eW_5NtAqoRdcHBvVaG0X8R79oXycFU-zf-jUU742u4HQI&amp;__tn__=*NK-R\">#foerstervorort<\/a><\/p>\n\n\n\nngg_shortcode_0_placeholder\n","protected":false},"excerpt":{"rendered":"<p>Als wirtschaftspolitischer Sprecher ist es mir ein Anliegen, die St\u00e4rken unseres Landes auszubauen. Die Gesundheitswirtschaft ist ein Wirtschaftsbereich in dem M-V f\u00fchrend in der Bundesrepublik ist. Davon konnten wir uns heute beim Besuch des Unternehmens Miltenyi Biontec in Teterow \u00fcberzeugen. Sechshundert Besch\u00e4ftigte arbeiten dort an hoch innovativen Produkten. Danke f\u00fcr den spannenden Einblick. #teterow #torstenkoplin [&hellip;]<\/p>\n","protected":false},"author":1,"featured_media":15246,"comment_status":"closed","ping_status":"closed","sticky":false,"template":"","format":"standard","meta":{"ngg_post_thumbnail":0,"footnotes":""},"categories":[3],"tags":[],"class_list":["post-15245","post","type-post","status-publish","format-standard","has-post-thumbnail","hentry","category-allgemein"],"_links":{"self":[{"href":"https:\/\/henning-foerster.de\/index.php?rest_route=\/wp\/v2\/posts\/15245","targetHints":{"allow":["GET"]}}],"collection":[{"href":"https:\/\/henning-foerster.de\/index.php?rest_route=\/wp\/v2\/posts"}],"about":[{"href":"https:\/\/henning-foerster.de\/index.php?rest_route=\/wp\/v2\/types\/post"}],"author":[{"embeddable":true,"href":"https:\/\/henning-foerster.de\/index.php?rest_route=\/wp\/v2\/users\/1"}],"replies":[{"embeddable":true,"href":"https:\/\/henning-foerster.de\/index.php?rest_route=%2Fwp%2Fv2%2Fcomments&post=15245"}],"version-history":[{"count":2,"href":"https:\/\/henning-foerster.de\/index.php?rest_route=\/wp\/v2\/posts\/15245\/revisions"}],"predecessor-version":[{"id":15253,"href":"https:\/\/henning-foerster.de\/index.php?rest_route=\/wp\/v2\/posts\/15245\/revisions\/15253"}],"wp:featuredmedia":[{"embeddable":true,"href":"https:\/\/henning-foerster.de\/index.php?rest_route=\/wp\/v2\/media\/15246"}],"wp:attachment":[{"href":"https:\/\/henning-foerster.de\/index.php?rest_route=%2Fwp%2Fv2%2Fmedia&parent=15245"}],"wp:term":[{"taxonomy":"category","embeddable":true,"href":"https:\/\/henning-foerster.de\/index.php?rest_route=%2Fwp%2Fv2%2Fcategories&post=15245"},{"taxonomy":"post_tag","embeddable":true,"href":"https:\/\/henning-foerster.de\/index.php?rest_route=%2Fwp%2Fv2%2Ftags&post=15245"}],"curies":[{"name":"wp","href":"https:\/\/api.w.org\/{rel}","templated":true}]}}