{"id":15242,"date":"2023-09-02T14:40:56","date_gmt":"2023-09-02T12:40:56","guid":{"rendered":"http:\/\/henning-foerster.de\/?p=15242"},"modified":"2023-09-11T14:44:06","modified_gmt":"2023-09-11T12:44:06","slug":"weltfriedenstag-in-graal-mueritz","status":"publish","type":"post","link":"https:\/\/henning-foerster.de\/?p=15242","title":{"rendered":"Weltfriedenstag in Graal M\u00fcritz"},"content":{"rendered":"\n<p>Sonne, Meer und Gute Laune gab es heute am Weltfriedenstag in Graal M\u00fcritz an der Ostsee. Dietmar Bartsch fand mahnende Worte zur Au\u00dfenpolitik der Berliner Ampel und Simone Oldenburg ordnete kurz den Start des neuen Schuljahres ein. Ich nutzte den Nachmittag f\u00fcr Gespr\u00e4che mit meinen Mitstreiterinnen und Mitstreitern.<\/p>\n\n\n\n<p><a href=\"https:\/\/www.facebook.com\/hashtag\/graalm%C3%BCritz?__eep__=6&amp;__cft__[0]=AZVcvIGZ7DiauAxZi-973YpqL7H3YTsTdM6PkESZYmGrGgF1-4RaqFCFwwVQlUaTP1y4V5QGCupKSNjYgLRQ-K3gePjtGvc-Bkw2_eR-9npRnJJablTk1v1eYWK4B-f_7r1GdU77DKXNIv7xGkA__r1PcLwNGlRRh78VZkUufg79k6zRxFn26wIroW7DneJ87z0&amp;__tn__=*NK-R\">#graalm\u00fcritz<\/a><\/p>\n\n\n\n<p><a href=\"https:\/\/www.facebook.com\/hashtag\/weltfriedenstag?__eep__=6&amp;__cft__[0]=AZVcvIGZ7DiauAxZi-973YpqL7H3YTsTdM6PkESZYmGrGgF1-4RaqFCFwwVQlUaTP1y4V5QGCupKSNjYgLRQ-K3gePjtGvc-Bkw2_eR-9npRnJJablTk1v1eYWK4B-f_7r1GdU77DKXNIv7xGkA__r1PcLwNGlRRh78VZkUufg79k6zRxFn26wIroW7DneJ87z0&amp;__tn__=*NK-R\">#weltfriedenstag<\/a><\/p>\n\n\n\n<p><a href=\"https:\/\/www.facebook.com\/hashtag\/dietmarbartsch?__eep__=6&amp;__cft__[0]=AZVcvIGZ7DiauAxZi-973YpqL7H3YTsTdM6PkESZYmGrGgF1-4RaqFCFwwVQlUaTP1y4V5QGCupKSNjYgLRQ-K3gePjtGvc-Bkw2_eR-9npRnJJablTk1v1eYWK4B-f_7r1GdU77DKXNIv7xGkA__r1PcLwNGlRRh78VZkUufg79k6zRxFn26wIroW7DneJ87z0&amp;__tn__=*NK-R\">#dietmarbartsch<\/a><\/p>\n\n\n\n<p><a href=\"https:\/\/www.facebook.com\/hashtag\/simoneoldenburg?__eep__=6&amp;__cft__[0]=AZVcvIGZ7DiauAxZi-973YpqL7H3YTsTdM6PkESZYmGrGgF1-4RaqFCFwwVQlUaTP1y4V5QGCupKSNjYgLRQ-K3gePjtGvc-Bkw2_eR-9npRnJJablTk1v1eYWK4B-f_7r1GdU77DKXNIv7xGkA__r1PcLwNGlRRh78VZkUufg79k6zRxFn26wIroW7DneJ87z0&amp;__tn__=*NK-R\">#simoneoldenburg<\/a><\/p>\n\n\n\n<p><a href=\"https:\/\/www.facebook.com\/hashtag\/foerstervorort?__eep__=6&amp;__cft__[0]=AZVcvIGZ7DiauAxZi-973YpqL7H3YTsTdM6PkESZYmGrGgF1-4RaqFCFwwVQlUaTP1y4V5QGCupKSNjYgLRQ-K3gePjtGvc-Bkw2_eR-9npRnJJablTk1v1eYWK4B-f_7r1GdU77DKXNIv7xGkA__r1PcLwNGlRRh78VZkUufg79k6zRxFn26wIroW7DneJ87z0&amp;__tn__=*NK-R\">#foerstervorort<\/a><\/p>\n\n\n\nngg_shortcode_0_placeholder\n","protected":false},"excerpt":{"rendered":"<p>Sonne, Meer und Gute Laune gab es heute am Weltfriedenstag in Graal M\u00fcritz an der Ostsee. Dietmar Bartsch fand mahnende Worte zur Au\u00dfenpolitik der Berliner Ampel und Simone Oldenburg ordnete kurz den Start des neuen Schuljahres ein. Ich nutzte den Nachmittag f\u00fcr Gespr\u00e4che mit meinen Mitstreiterinnen und Mitstreitern. #graalm\u00fcritz #weltfriedenstag #dietmarbartsch #simoneoldenburg #foerstervorort<\/p>\n","protected":false},"author":1,"featured_media":15243,"comment_status":"closed","ping_status":"closed","sticky":false,"template":"","format":"standard","meta":{"ngg_post_thumbnail":0,"footnotes":""},"categories":[3],"tags":[],"class_list":["post-15242","post","type-post","status-publish","format-standard","has-post-thumbnail","hentry","category-allgemein"],"_links":{"self":[{"href":"https:\/\/henning-foerster.de\/index.php?rest_route=\/wp\/v2\/posts\/15242","targetHints":{"allow":["GET"]}}],"collection":[{"href":"https:\/\/henning-foerster.de\/index.php?rest_route=\/wp\/v2\/posts"}],"about":[{"href":"https:\/\/henning-foerster.de\/index.php?rest_route=\/wp\/v2\/types\/post"}],"author":[{"embeddable":true,"href":"https:\/\/henning-foerster.de\/index.php?rest_route=\/wp\/v2\/users\/1"}],"replies":[{"embeddable":true,"href":"https:\/\/henning-foerster.de\/index.php?rest_route=%2Fwp%2Fv2%2Fcomments&post=15242"}],"version-history":[{"count":1,"href":"https:\/\/henning-foerster.de\/index.php?rest_route=\/wp\/v2\/posts\/15242\/revisions"}],"predecessor-version":[{"id":15244,"href":"https:\/\/henning-foerster.de\/index.php?rest_route=\/wp\/v2\/posts\/15242\/revisions\/15244"}],"wp:featuredmedia":[{"embeddable":true,"href":"https:\/\/henning-foerster.de\/index.php?rest_route=\/wp\/v2\/media\/15243"}],"wp:attachment":[{"href":"https:\/\/henning-foerster.de\/index.php?rest_route=%2Fwp%2Fv2%2Fmedia&parent=15242"}],"wp:term":[{"taxonomy":"category","embeddable":true,"href":"https:\/\/henning-foerster.de\/index.php?rest_route=%2Fwp%2Fv2%2Fcategories&post=15242"},{"taxonomy":"post_tag","embeddable":true,"href":"https:\/\/henning-foerster.de\/index.php?rest_route=%2Fwp%2Fv2%2Ftags&post=15242"}],"curies":[{"name":"wp","href":"https:\/\/api.w.org\/{rel}","templated":true}]}}