{"id":15227,"date":"2023-09-08T14:22:07","date_gmt":"2023-09-08T12:22:07","guid":{"rendered":"http:\/\/henning-foerster.de\/?p=15227"},"modified":"2023-09-11T14:24:53","modified_gmt":"2023-09-11T12:24:53","slug":"boxring-im-carikrebs","status":"publish","type":"post","link":"https:\/\/henning-foerster.de\/?p=15227","title":{"rendered":"Boxring im Carikrebs"},"content":{"rendered":"\n<p>Heute wurde der neue Boxring im Carikrebs, dem Stadtteiltreff und Mehrgenerationenhaus Krebsf\u00f6rden eingeweiht. Hier werden junge Leute mit und ohne Migrationshintergrund an den Boxsport herangef\u00fbhrt und erlernen die typischen Tugenden. Eingeweiht wurde das ganze vom Weibischof.<\/p>\n\n\n\n<p><a href=\"https:\/\/www.facebook.com\/hashtag\/stadtteiltreffkrebsf%C3%B6rden?__eep__=6&amp;__cft__[0]=AZXSR8-gUYAXH5PeCjAbbtGGAu8zEe2vCjoTxv5eIhThl7TwiXy-3e0Y0xeo-cd81ydqSICLw9-bE6_lLT5QAXJP2xn-gxP3rLV6j4FMYd96U6C035wflkEJvrsS-nU958PNe5jHswCBq95WiHkC_uFezzF3q9RyW-4Zx1jkQMCK0jvtWfaGMobwZzkZLEWxNv0&amp;__tn__=*NK-R\">#stadtteiltreffkrebsf\u00f6rden<\/a><\/p>\n\n\n\n<p><a href=\"https:\/\/www.facebook.com\/hashtag\/caritas?__eep__=6&amp;__cft__[0]=AZXSR8-gUYAXH5PeCjAbbtGGAu8zEe2vCjoTxv5eIhThl7TwiXy-3e0Y0xeo-cd81ydqSICLw9-bE6_lLT5QAXJP2xn-gxP3rLV6j4FMYd96U6C035wflkEJvrsS-nU958PNe5jHswCBq95WiHkC_uFezzF3q9RyW-4Zx1jkQMCK0jvtWfaGMobwZzkZLEWxNv0&amp;__tn__=*NK-R\">#caritas<\/a><\/p>\n\n\n\n<p><a href=\"https:\/\/www.facebook.com\/hashtag\/landeshauptstadtschwerin?__eep__=6&amp;__cft__[0]=AZXSR8-gUYAXH5PeCjAbbtGGAu8zEe2vCjoTxv5eIhThl7TwiXy-3e0Y0xeo-cd81ydqSICLw9-bE6_lLT5QAXJP2xn-gxP3rLV6j4FMYd96U6C035wflkEJvrsS-nU958PNe5jHswCBq95WiHkC_uFezzF3q9RyW-4Zx1jkQMCK0jvtWfaGMobwZzkZLEWxNv0&amp;__tn__=*NK-R\">#landeshauptstadtschwerin<\/a><\/p>\n\n\n\n<p><a href=\"https:\/\/www.facebook.com\/hashtag\/foerstervorort?__eep__=6&amp;__cft__[0]=AZXSR8-gUYAXH5PeCjAbbtGGAu8zEe2vCjoTxv5eIhThl7TwiXy-3e0Y0xeo-cd81ydqSICLw9-bE6_lLT5QAXJP2xn-gxP3rLV6j4FMYd96U6C035wflkEJvrsS-nU958PNe5jHswCBq95WiHkC_uFezzF3q9RyW-4Zx1jkQMCK0jvtWfaGMobwZzkZLEWxNv0&amp;__tn__=*NK-R\">#foerstervorort<\/a><\/p>\n\n\n\nngg_shortcode_0_placeholder\n","protected":false},"excerpt":{"rendered":"<p>Heute wurde der neue Boxring im Carikrebs, dem Stadtteiltreff und Mehrgenerationenhaus Krebsf\u00f6rden eingeweiht. Hier werden junge Leute mit und ohne Migrationshintergrund an den Boxsport herangef\u00fbhrt und erlernen die typischen Tugenden. Eingeweiht wurde das ganze vom Weibischof. #stadtteiltreffkrebsf\u00f6rden #caritas #landeshauptstadtschwerin #foerstervorort<\/p>\n","protected":false},"author":1,"featured_media":15228,"comment_status":"closed","ping_status":"closed","sticky":false,"template":"","format":"standard","meta":{"ngg_post_thumbnail":0,"footnotes":""},"categories":[3],"tags":[],"class_list":["post-15227","post","type-post","status-publish","format-standard","has-post-thumbnail","hentry","category-allgemein"],"_links":{"self":[{"href":"https:\/\/henning-foerster.de\/index.php?rest_route=\/wp\/v2\/posts\/15227","targetHints":{"allow":["GET"]}}],"collection":[{"href":"https:\/\/henning-foerster.de\/index.php?rest_route=\/wp\/v2\/posts"}],"about":[{"href":"https:\/\/henning-foerster.de\/index.php?rest_route=\/wp\/v2\/types\/post"}],"author":[{"embeddable":true,"href":"https:\/\/henning-foerster.de\/index.php?rest_route=\/wp\/v2\/users\/1"}],"replies":[{"embeddable":true,"href":"https:\/\/henning-foerster.de\/index.php?rest_route=%2Fwp%2Fv2%2Fcomments&post=15227"}],"version-history":[{"count":1,"href":"https:\/\/henning-foerster.de\/index.php?rest_route=\/wp\/v2\/posts\/15227\/revisions"}],"predecessor-version":[{"id":15229,"href":"https:\/\/henning-foerster.de\/index.php?rest_route=\/wp\/v2\/posts\/15227\/revisions\/15229"}],"wp:featuredmedia":[{"embeddable":true,"href":"https:\/\/henning-foerster.de\/index.php?rest_route=\/wp\/v2\/media\/15228"}],"wp:attachment":[{"href":"https:\/\/henning-foerster.de\/index.php?rest_route=%2Fwp%2Fv2%2Fmedia&parent=15227"}],"wp:term":[{"taxonomy":"category","embeddable":true,"href":"https:\/\/henning-foerster.de\/index.php?rest_route=%2Fwp%2Fv2%2Fcategories&post=15227"},{"taxonomy":"post_tag","embeddable":true,"href":"https:\/\/henning-foerster.de\/index.php?rest_route=%2Fwp%2Fv2%2Ftags&post=15227"}],"curies":[{"name":"wp","href":"https:\/\/api.w.org\/{rel}","templated":true}]}}