{"id":15154,"date":"2023-07-21T17:19:16","date_gmt":"2023-07-21T15:19:16","guid":{"rendered":"http:\/\/henning-foerster.de\/?p=15154"},"modified":"2023-08-02T17:20:47","modified_gmt":"2023-08-02T15:20:47","slug":"zu-gast-beim-unternehmerverband-rostock","status":"publish","type":"post","link":"https:\/\/henning-foerster.de\/?p=15154","title":{"rendered":"Zu Gast beim Unternehmerverband Rostock"},"content":{"rendered":"\n<p>Gestern f\u00fchrte mich meine Sommertour nach Rostock. Gemeinsam mit unserer Vorsitzenden Jeanine R\u00f6sler bin ich zu Gast beim Unternehmerverband Rostock. Danke f\u00fcr den ehrlichen Austausch zu den wirtschaftspolitischen Herausforderungen in unserem Land.<\/p>\n\n\n\n<p><a href=\"https:\/\/www.facebook.com\/hashtag\/hansestadtrostock?__eep__=6&amp;__cft__[0]=AZWA66fl9Luxqmf1vnuZi_AbsTfk41GmOKua8y3bUP7N_5FPsAJQfc5Z-4D9SutvpwoxMc3hviUaRC8H_UwQhnuPX4Lq4r9MfIMsf_W-EHY3vQnfzOGR3wv1AT6JGM2LFzzFpyBpo2IUXmKY8y00ipaG&amp;__tn__=*NK-R\">#hansestadtrostock<\/a><\/p>\n\n\n\n<p><a href=\"https:\/\/www.facebook.com\/hashtag\/wirtschaft?__eep__=6&amp;__cft__[0]=AZWA66fl9Luxqmf1vnuZi_AbsTfk41GmOKua8y3bUP7N_5FPsAJQfc5Z-4D9SutvpwoxMc3hviUaRC8H_UwQhnuPX4Lq4r9MfIMsf_W-EHY3vQnfzOGR3wv1AT6JGM2LFzzFpyBpo2IUXmKY8y00ipaG&amp;__tn__=*NK-R\">#wirtschaft<\/a><\/p>\n\n\n\n<p><a href=\"https:\/\/www.facebook.com\/hashtag\/unternehmerverbandrostock?__eep__=6&amp;__cft__[0]=AZWA66fl9Luxqmf1vnuZi_AbsTfk41GmOKua8y3bUP7N_5FPsAJQfc5Z-4D9SutvpwoxMc3hviUaRC8H_UwQhnuPX4Lq4r9MfIMsf_W-EHY3vQnfzOGR3wv1AT6JGM2LFzzFpyBpo2IUXmKY8y00ipaG&amp;__tn__=*NK-R\">#unternehmerverbandrostock<\/a><\/p>\n\n\n\n<p><a href=\"https:\/\/www.facebook.com\/hashtag\/foerstervorort?__eep__=6&amp;__cft__[0]=AZWA66fl9Luxqmf1vnuZi_AbsTfk41GmOKua8y3bUP7N_5FPsAJQfc5Z-4D9SutvpwoxMc3hviUaRC8H_UwQhnuPX4Lq4r9MfIMsf_W-EHY3vQnfzOGR3wv1AT6JGM2LFzzFpyBpo2IUXmKY8y00ipaG&amp;__tn__=*NK-R\">#foerstervorort<\/a><\/p>\n\n\n\nngg_shortcode_0_placeholder\n","protected":false},"excerpt":{"rendered":"<p>Gestern f\u00fchrte mich meine Sommertour nach Rostock. Gemeinsam mit unserer Vorsitzenden Jeanine R\u00f6sler bin ich zu Gast beim Unternehmerverband Rostock. Danke f\u00fcr den ehrlichen Austausch zu den wirtschaftspolitischen Herausforderungen in unserem Land. #hansestadtrostock #wirtschaft #unternehmerverbandrostock #foerstervorort<\/p>\n","protected":false},"author":1,"featured_media":15155,"comment_status":"closed","ping_status":"closed","sticky":false,"template":"","format":"standard","meta":{"ngg_post_thumbnail":0,"footnotes":""},"categories":[3],"tags":[],"class_list":["post-15154","post","type-post","status-publish","format-standard","has-post-thumbnail","hentry","category-allgemein"],"_links":{"self":[{"href":"https:\/\/henning-foerster.de\/index.php?rest_route=\/wp\/v2\/posts\/15154","targetHints":{"allow":["GET"]}}],"collection":[{"href":"https:\/\/henning-foerster.de\/index.php?rest_route=\/wp\/v2\/posts"}],"about":[{"href":"https:\/\/henning-foerster.de\/index.php?rest_route=\/wp\/v2\/types\/post"}],"author":[{"embeddable":true,"href":"https:\/\/henning-foerster.de\/index.php?rest_route=\/wp\/v2\/users\/1"}],"replies":[{"embeddable":true,"href":"https:\/\/henning-foerster.de\/index.php?rest_route=%2Fwp%2Fv2%2Fcomments&post=15154"}],"version-history":[{"count":1,"href":"https:\/\/henning-foerster.de\/index.php?rest_route=\/wp\/v2\/posts\/15154\/revisions"}],"predecessor-version":[{"id":15156,"href":"https:\/\/henning-foerster.de\/index.php?rest_route=\/wp\/v2\/posts\/15154\/revisions\/15156"}],"wp:featuredmedia":[{"embeddable":true,"href":"https:\/\/henning-foerster.de\/index.php?rest_route=\/wp\/v2\/media\/15155"}],"wp:attachment":[{"href":"https:\/\/henning-foerster.de\/index.php?rest_route=%2Fwp%2Fv2%2Fmedia&parent=15154"}],"wp:term":[{"taxonomy":"category","embeddable":true,"href":"https:\/\/henning-foerster.de\/index.php?rest_route=%2Fwp%2Fv2%2Fcategories&post=15154"},{"taxonomy":"post_tag","embeddable":true,"href":"https:\/\/henning-foerster.de\/index.php?rest_route=%2Fwp%2Fv2%2Ftags&post=15154"}],"curies":[{"name":"wp","href":"https:\/\/api.w.org\/{rel}","templated":true}]}}