{"id":15150,"date":"2023-07-20T17:13:09","date_gmt":"2023-07-20T15:13:09","guid":{"rendered":"http:\/\/henning-foerster.de\/?p=15150"},"modified":"2023-08-02T17:18:13","modified_gmt":"2023-08-02T15:18:13","slug":"15150","status":"publish","type":"post","link":"https:\/\/henning-foerster.de\/?p=15150","title":{"rendered":"Agentur MV4you in Schwerin"},"content":{"rendered":"\n<p>Im Rahmen meiner Sommertour habe ich heute die Agentur MV4you in Schwerin besucht. Einst als R\u00fcckkehreragentur f\u00fcr die abgewanderten Landeskinder und Pendler gegr\u00fcndet, ist ihr Portfolio heute weitaus gr\u00f6\u00dfer. So geh\u00f6rt auch die Beratungsstelle Fachkr\u00e4fteeinwanderung dazu.<\/p>\n\n\n\n<p><a href=\"https:\/\/www.facebook.com\/hashtag\/mv4you?__eep__=6&amp;__cft__[0]=AZW8XjEoGFgPxV_xwKK2bxC6SZEtFJjL8J1PoFkMwDABSZbjhLnHZaRea8SU5YLaaADjcgs8VHJL__WnV9_7yKs9dXnPoYeSAVUzFZwOHzjFxKc4Hvk03bP4WU6zKyOQ8YSa7k89qt8DfQQMDpjGPRCnscB0rPic8vK7Bj2GUr3J_mJx0DspyjSuvP6AlM3K4ZE&amp;__tn__=*NK-R\">#mv4you<\/a><\/p>\n\n\n\n<p><a href=\"https:\/\/www.facebook.com\/hashtag\/landeshauptstadtschwerin?__eep__=6&amp;__cft__[0]=AZW8XjEoGFgPxV_xwKK2bxC6SZEtFJjL8J1PoFkMwDABSZbjhLnHZaRea8SU5YLaaADjcgs8VHJL__WnV9_7yKs9dXnPoYeSAVUzFZwOHzjFxKc4Hvk03bP4WU6zKyOQ8YSa7k89qt8DfQQMDpjGPRCnscB0rPic8vK7Bj2GUr3J_mJx0DspyjSuvP6AlM3K4ZE&amp;__tn__=*NK-R\">#landeshauptstadtschwerin<\/a><\/p>\n\n\n\n<p><a href=\"https:\/\/www.facebook.com\/hashtag\/wirtschaft?__eep__=6&amp;__cft__[0]=AZW8XjEoGFgPxV_xwKK2bxC6SZEtFJjL8J1PoFkMwDABSZbjhLnHZaRea8SU5YLaaADjcgs8VHJL__WnV9_7yKs9dXnPoYeSAVUzFZwOHzjFxKc4Hvk03bP4WU6zKyOQ8YSa7k89qt8DfQQMDpjGPRCnscB0rPic8vK7Bj2GUr3J_mJx0DspyjSuvP6AlM3K4ZE&amp;__tn__=*NK-R\">#wirtschaft<\/a><\/p>\n\n\n\n<p><a href=\"https:\/\/www.facebook.com\/hashtag\/foerstervorort?__eep__=6&amp;__cft__[0]=AZW8XjEoGFgPxV_xwKK2bxC6SZEtFJjL8J1PoFkMwDABSZbjhLnHZaRea8SU5YLaaADjcgs8VHJL__WnV9_7yKs9dXnPoYeSAVUzFZwOHzjFxKc4Hvk03bP4WU6zKyOQ8YSa7k89qt8DfQQMDpjGPRCnscB0rPic8vK7Bj2GUr3J_mJx0DspyjSuvP6AlM3K4ZE&amp;__tn__=*NK-R\">#foerstervorort<\/a><\/p>\n\n\n\nngg_shortcode_0_placeholder\n","protected":false},"excerpt":{"rendered":"<p>Im Rahmen meiner Sommertour habe ich heute die Agentur MV4you in Schwerin besucht. Einst als R\u00fcckkehreragentur f\u00fcr die abgewanderten Landeskinder und Pendler gegr\u00fcndet, ist ihr Portfolio heute weitaus gr\u00f6\u00dfer. So geh\u00f6rt auch die Beratungsstelle Fachkr\u00e4fteeinwanderung dazu. #mv4you #landeshauptstadtschwerin #wirtschaft #foerstervorort<\/p>\n","protected":false},"author":1,"featured_media":15151,"comment_status":"closed","ping_status":"closed","sticky":false,"template":"","format":"standard","meta":{"ngg_post_thumbnail":0,"footnotes":""},"categories":[3],"tags":[],"class_list":["post-15150","post","type-post","status-publish","format-standard","has-post-thumbnail","hentry","category-allgemein"],"_links":{"self":[{"href":"https:\/\/henning-foerster.de\/index.php?rest_route=\/wp\/v2\/posts\/15150","targetHints":{"allow":["GET"]}}],"collection":[{"href":"https:\/\/henning-foerster.de\/index.php?rest_route=\/wp\/v2\/posts"}],"about":[{"href":"https:\/\/henning-foerster.de\/index.php?rest_route=\/wp\/v2\/types\/post"}],"author":[{"embeddable":true,"href":"https:\/\/henning-foerster.de\/index.php?rest_route=\/wp\/v2\/users\/1"}],"replies":[{"embeddable":true,"href":"https:\/\/henning-foerster.de\/index.php?rest_route=%2Fwp%2Fv2%2Fcomments&post=15150"}],"version-history":[{"count":2,"href":"https:\/\/henning-foerster.de\/index.php?rest_route=\/wp\/v2\/posts\/15150\/revisions"}],"predecessor-version":[{"id":15153,"href":"https:\/\/henning-foerster.de\/index.php?rest_route=\/wp\/v2\/posts\/15150\/revisions\/15153"}],"wp:featuredmedia":[{"embeddable":true,"href":"https:\/\/henning-foerster.de\/index.php?rest_route=\/wp\/v2\/media\/15151"}],"wp:attachment":[{"href":"https:\/\/henning-foerster.de\/index.php?rest_route=%2Fwp%2Fv2%2Fmedia&parent=15150"}],"wp:term":[{"taxonomy":"category","embeddable":true,"href":"https:\/\/henning-foerster.de\/index.php?rest_route=%2Fwp%2Fv2%2Fcategories&post=15150"},{"taxonomy":"post_tag","embeddable":true,"href":"https:\/\/henning-foerster.de\/index.php?rest_route=%2Fwp%2Fv2%2Ftags&post=15150"}],"curies":[{"name":"wp","href":"https:\/\/api.w.org\/{rel}","templated":true}]}}