{"id":15144,"date":"2023-07-17T17:08:06","date_gmt":"2023-07-17T15:08:06","guid":{"rendered":"http:\/\/henning-foerster.de\/?p=15144"},"modified":"2023-08-02T17:11:39","modified_gmt":"2023-08-02T15:11:39","slug":"ausstellung-zu-den-starken-frauen-aus-m-v","status":"publish","type":"post","link":"https:\/\/henning-foerster.de\/?p=15144","title":{"rendered":"Ausstellung zu den starken Frauen aus M-V"},"content":{"rendered":"\n<p>Im Quartier Friedrichs der Volkssolidarit\u00e4t wird ab heute auch unsere Ausstellung zu den starken Frauen aus M-V gezeigt.<\/p>\n\n\n\n<p><a href=\"https:\/\/www.facebook.com\/hashtag\/volkssolidarit%C3%A4ts%C3%BCdwestmecklenburg?__eep__=6&amp;__cft__[0]=AZUkS2Xcg2OIu7RVSMnRQ8QsuQn5x8qSi0fyuqvgfV7pbSz8t_M3GJN3kj8XsOFaQIxXaKl06BG3qBQCZ_4ARsiWQ43ildtHCCbqfkKxFZFBXB4NOIhgy8OuzT49neSCaZmwKdPEkORVcfpErtcXAl54M18RfegsJqkLbQJ5SDlGUosEVEHFxsFPcmPG8yp5Hig&amp;__tn__=*NK-R\">#volkssolidarit\u00e4ts\u00fcdwestmecklenburg<\/a><\/p>\n\n\n\n<p><a href=\"https:\/\/www.facebook.com\/hashtag\/quartierfriedrichs?__eep__=6&amp;__cft__[0]=AZUkS2Xcg2OIu7RVSMnRQ8QsuQn5x8qSi0fyuqvgfV7pbSz8t_M3GJN3kj8XsOFaQIxXaKl06BG3qBQCZ_4ARsiWQ43ildtHCCbqfkKxFZFBXB4NOIhgy8OuzT49neSCaZmwKdPEkORVcfpErtcXAl54M18RfegsJqkLbQJ5SDlGUosEVEHFxsFPcmPG8yp5Hig&amp;__tn__=*NK-R\">#quartierfriedrichs<\/a><\/p>\n\n\n\n<p><a href=\"https:\/\/www.facebook.com\/hashtag\/landeshauptstadtschwerin?__eep__=6&amp;__cft__[0]=AZUkS2Xcg2OIu7RVSMnRQ8QsuQn5x8qSi0fyuqvgfV7pbSz8t_M3GJN3kj8XsOFaQIxXaKl06BG3qBQCZ_4ARsiWQ43ildtHCCbqfkKxFZFBXB4NOIhgy8OuzT49neSCaZmwKdPEkORVcfpErtcXAl54M18RfegsJqkLbQJ5SDlGUosEVEHFxsFPcmPG8yp5Hig&amp;__tn__=*NK-R\">#landeshauptstadtschwerin<\/a><\/p>\n\n\n\n<p><a href=\"https:\/\/www.facebook.com\/hashtag\/foerstervorort?__eep__=6&amp;__cft__[0]=AZUkS2Xcg2OIu7RVSMnRQ8QsuQn5x8qSi0fyuqvgfV7pbSz8t_M3GJN3kj8XsOFaQIxXaKl06BG3qBQCZ_4ARsiWQ43ildtHCCbqfkKxFZFBXB4NOIhgy8OuzT49neSCaZmwKdPEkORVcfpErtcXAl54M18RfegsJqkLbQJ5SDlGUosEVEHFxsFPcmPG8yp5Hig&amp;__tn__=*NK-R\">#foerstervorort<\/a><\/p>\n\n\n\nngg_shortcode_0_placeholder\n","protected":false},"excerpt":{"rendered":"<p>Im Quartier Friedrichs der Volkssolidarit\u00e4t wird ab heute auch unsere Ausstellung zu den starken Frauen aus M-V gezeigt. #volkssolidarit\u00e4ts\u00fcdwestmecklenburg #quartierfriedrichs #landeshauptstadtschwerin #foerstervorort<\/p>\n","protected":false},"author":1,"featured_media":15145,"comment_status":"closed","ping_status":"closed","sticky":false,"template":"","format":"standard","meta":{"ngg_post_thumbnail":0,"footnotes":""},"categories":[3],"tags":[],"class_list":["post-15144","post","type-post","status-publish","format-standard","has-post-thumbnail","hentry","category-allgemein"],"_links":{"self":[{"href":"https:\/\/henning-foerster.de\/index.php?rest_route=\/wp\/v2\/posts\/15144","targetHints":{"allow":["GET"]}}],"collection":[{"href":"https:\/\/henning-foerster.de\/index.php?rest_route=\/wp\/v2\/posts"}],"about":[{"href":"https:\/\/henning-foerster.de\/index.php?rest_route=\/wp\/v2\/types\/post"}],"author":[{"embeddable":true,"href":"https:\/\/henning-foerster.de\/index.php?rest_route=\/wp\/v2\/users\/1"}],"replies":[{"embeddable":true,"href":"https:\/\/henning-foerster.de\/index.php?rest_route=%2Fwp%2Fv2%2Fcomments&post=15144"}],"version-history":[{"count":1,"href":"https:\/\/henning-foerster.de\/index.php?rest_route=\/wp\/v2\/posts\/15144\/revisions"}],"predecessor-version":[{"id":15146,"href":"https:\/\/henning-foerster.de\/index.php?rest_route=\/wp\/v2\/posts\/15144\/revisions\/15146"}],"wp:featuredmedia":[{"embeddable":true,"href":"https:\/\/henning-foerster.de\/index.php?rest_route=\/wp\/v2\/media\/15145"}],"wp:attachment":[{"href":"https:\/\/henning-foerster.de\/index.php?rest_route=%2Fwp%2Fv2%2Fmedia&parent=15144"}],"wp:term":[{"taxonomy":"category","embeddable":true,"href":"https:\/\/henning-foerster.de\/index.php?rest_route=%2Fwp%2Fv2%2Fcategories&post=15144"},{"taxonomy":"post_tag","embeddable":true,"href":"https:\/\/henning-foerster.de\/index.php?rest_route=%2Fwp%2Fv2%2Ftags&post=15144"}],"curies":[{"name":"wp","href":"https:\/\/api.w.org\/{rel}","templated":true}]}}