{"id":15096,"date":"2023-06-27T12:34:11","date_gmt":"2023-06-27T10:34:11","guid":{"rendered":"http:\/\/henning-foerster.de\/?p=15096"},"modified":"2023-07-14T12:35:44","modified_gmt":"2023-07-14T10:35:44","slug":"startschuss-fuer-den-seniorentarif-des-deutschlandtickets","status":"publish","type":"post","link":"https:\/\/henning-foerster.de\/?p=15096","title":{"rendered":"Startschuss f\u00fcr den Seniorentarif des Deutschlandtickets"},"content":{"rendered":"\n<p>Gestern Nachmittag gaben Ministerpr\u00e4sidentin Manuela Schwesig, Verkehrsminister Reinhardt Meyer, die Vertreter der Verkehrsunternehmen und ich den Startschuss f\u00fcr den Seniorentarif des Deutschlandtickets. F\u00fcr 29 Euro k\u00f6nnen alle B\u00fcrgerinnen und B\u00fcrger ab 65 Jahre mit dem Hauptwohnsitz in M-V ab dem 01. August 2023 bundesweit den Regionalverkehr nutzen.<\/p>\n\n\n\n<p><a href=\"https:\/\/www.facebook.com\/hashtag\/seniorenticket?__eep__=6&amp;__cft__[0]=AZVO0oYVQKu5iQJVUTNvUC6DSVSrxiOWnGXuQM6CYLwlwRlKHh84MfmfcH5lzycpSwKiWakJS26Q7b_9bV9xH7II0L8wOksbuTWK_-HzkZ5JReBuCHM55rLSHzRShK6li4J80bQ8u5oPbqi93Op0LLwZQww0L8sNu7T7eWIxDJTB71mywvOuY3FNJ2ypz4UQxkg&amp;__tn__=*NK-R\">#seniorenticket<\/a><\/p>\n\n\n\n<p><a href=\"https:\/\/www.facebook.com\/hashtag\/nahverkehrschwerin?__eep__=6&amp;__cft__[0]=AZVO0oYVQKu5iQJVUTNvUC6DSVSrxiOWnGXuQM6CYLwlwRlKHh84MfmfcH5lzycpSwKiWakJS26Q7b_9bV9xH7II0L8wOksbuTWK_-HzkZ5JReBuCHM55rLSHzRShK6li4J80bQ8u5oPbqi93Op0LLwZQww0L8sNu7T7eWIxDJTB71mywvOuY3FNJ2ypz4UQxkg&amp;__tn__=*NK-R\">#nahverkehrschwerin<\/a><\/p>\n\n\n\n<p><a href=\"https:\/\/www.facebook.com\/hashtag\/landeshauptstadtschwerin?__eep__=6&amp;__cft__[0]=AZVO0oYVQKu5iQJVUTNvUC6DSVSrxiOWnGXuQM6CYLwlwRlKHh84MfmfcH5lzycpSwKiWakJS26Q7b_9bV9xH7II0L8wOksbuTWK_-HzkZ5JReBuCHM55rLSHzRShK6li4J80bQ8u5oPbqi93Op0LLwZQww0L8sNu7T7eWIxDJTB71mywvOuY3FNJ2ypz4UQxkg&amp;__tn__=*NK-R\">#landeshauptstadtschwerin<\/a><\/p>\n\n\n\n<p><a href=\"https:\/\/www.facebook.com\/hashtag\/foerstervorort?__eep__=6&amp;__cft__[0]=AZVO0oYVQKu5iQJVUTNvUC6DSVSrxiOWnGXuQM6CYLwlwRlKHh84MfmfcH5lzycpSwKiWakJS26Q7b_9bV9xH7II0L8wOksbuTWK_-HzkZ5JReBuCHM55rLSHzRShK6li4J80bQ8u5oPbqi93Op0LLwZQww0L8sNu7T7eWIxDJTB71mywvOuY3FNJ2ypz4UQxkg&amp;__tn__=*NK-R\">#foerstervorort<\/a><\/p>\n\n\n\nngg_shortcode_0_placeholder\n","protected":false},"excerpt":{"rendered":"<p>Gestern Nachmittag gaben Ministerpr\u00e4sidentin Manuela Schwesig, Verkehrsminister Reinhardt Meyer, die Vertreter der Verkehrsunternehmen und ich den Startschuss f\u00fcr den Seniorentarif des Deutschlandtickets. F\u00fcr 29 Euro k\u00f6nnen alle B\u00fcrgerinnen und B\u00fcrger ab 65 Jahre mit dem Hauptwohnsitz in M-V ab dem 01. August 2023 bundesweit den Regionalverkehr nutzen. #seniorenticket #nahverkehrschwerin #landeshauptstadtschwerin #foerstervorort<\/p>\n","protected":false},"author":1,"featured_media":15097,"comment_status":"closed","ping_status":"closed","sticky":false,"template":"","format":"standard","meta":{"ngg_post_thumbnail":0,"footnotes":""},"categories":[3],"tags":[],"class_list":["post-15096","post","type-post","status-publish","format-standard","has-post-thumbnail","hentry","category-allgemein"],"_links":{"self":[{"href":"https:\/\/henning-foerster.de\/index.php?rest_route=\/wp\/v2\/posts\/15096","targetHints":{"allow":["GET"]}}],"collection":[{"href":"https:\/\/henning-foerster.de\/index.php?rest_route=\/wp\/v2\/posts"}],"about":[{"href":"https:\/\/henning-foerster.de\/index.php?rest_route=\/wp\/v2\/types\/post"}],"author":[{"embeddable":true,"href":"https:\/\/henning-foerster.de\/index.php?rest_route=\/wp\/v2\/users\/1"}],"replies":[{"embeddable":true,"href":"https:\/\/henning-foerster.de\/index.php?rest_route=%2Fwp%2Fv2%2Fcomments&post=15096"}],"version-history":[{"count":1,"href":"https:\/\/henning-foerster.de\/index.php?rest_route=\/wp\/v2\/posts\/15096\/revisions"}],"predecessor-version":[{"id":15098,"href":"https:\/\/henning-foerster.de\/index.php?rest_route=\/wp\/v2\/posts\/15096\/revisions\/15098"}],"wp:featuredmedia":[{"embeddable":true,"href":"https:\/\/henning-foerster.de\/index.php?rest_route=\/wp\/v2\/media\/15097"}],"wp:attachment":[{"href":"https:\/\/henning-foerster.de\/index.php?rest_route=%2Fwp%2Fv2%2Fmedia&parent=15096"}],"wp:term":[{"taxonomy":"category","embeddable":true,"href":"https:\/\/henning-foerster.de\/index.php?rest_route=%2Fwp%2Fv2%2Fcategories&post=15096"},{"taxonomy":"post_tag","embeddable":true,"href":"https:\/\/henning-foerster.de\/index.php?rest_route=%2Fwp%2Fv2%2Ftags&post=15096"}],"curies":[{"name":"wp","href":"https:\/\/api.w.org\/{rel}","templated":true}]}}