{"id":15093,"date":"2023-07-10T12:31:50","date_gmt":"2023-07-10T10:31:50","guid":{"rendered":"http:\/\/henning-foerster.de\/?p=15093"},"modified":"2023-07-14T12:33:43","modified_gmt":"2023-07-14T10:33:43","slug":"vor-ort-besichtigung-in-laerz","status":"publish","type":"post","link":"https:\/\/henning-foerster.de\/?p=15093","title":{"rendered":"Vor-Ort Besichtigung in L\u00e4rz"},"content":{"rendered":"\n<p>Die klimatischen Ver\u00e4nderungen erfordern k\u00fcnftig auch ein Umdenken in Sachen Bewirtschaftung des Waldes. Gern habe ich daher das Angebot zu einer Vor-Ort Besichtigung in L\u00e4rz angenommen. Danke an Herrn Maltzahn und Dirk Johne von der IG BAU f\u00fcr die Organisation.<\/p>\n\n\n\n<p><a href=\"https:\/\/www.facebook.com\/hashtag\/dauerwald?__eep__=6&amp;__cft__[0]=AZV_PyXtEQZxNSpDCPJMGKoCi1bBX8AevUjIvFOzlXnNY3fCzcVEKbQpplzNbd_NY8JMYIRS8XT9xAg_mDFuAuthbiJnE7k-vpjb6ktdezmhQOSuAVJtQ6gf_TtcZCpGZGahKIPQQ00OEzmEpnEdOKPCpgidEAEWMDlISkoj6mRGENaYlrJljR27pmfApGYtkh4&amp;__tn__=*NK-R\">#dauerwald<\/a><\/p>\n\n\n\n<p><a href=\"https:\/\/www.facebook.com\/hashtag\/igbaunord?__eep__=6&amp;__cft__[0]=AZV_PyXtEQZxNSpDCPJMGKoCi1bBX8AevUjIvFOzlXnNY3fCzcVEKbQpplzNbd_NY8JMYIRS8XT9xAg_mDFuAuthbiJnE7k-vpjb6ktdezmhQOSuAVJtQ6gf_TtcZCpGZGahKIPQQ00OEzmEpnEdOKPCpgidEAEWMDlISkoj6mRGENaYlrJljR27pmfApGYtkh4&amp;__tn__=*NK-R\">#igbaunord<\/a><\/p>\n\n\n\n<p><a href=\"https:\/\/www.facebook.com\/hashtag\/l%C3%A4rz?__eep__=6&amp;__cft__[0]=AZV_PyXtEQZxNSpDCPJMGKoCi1bBX8AevUjIvFOzlXnNY3fCzcVEKbQpplzNbd_NY8JMYIRS8XT9xAg_mDFuAuthbiJnE7k-vpjb6ktdezmhQOSuAVJtQ6gf_TtcZCpGZGahKIPQQ00OEzmEpnEdOKPCpgidEAEWMDlISkoj6mRGENaYlrJljR27pmfApGYtkh4&amp;__tn__=*NK-R\">#l\u00e4rz<\/a><\/p>\n\n\n\n<p><a href=\"https:\/\/www.facebook.com\/hashtag\/foerstervorort?__eep__=6&amp;__cft__[0]=AZV_PyXtEQZxNSpDCPJMGKoCi1bBX8AevUjIvFOzlXnNY3fCzcVEKbQpplzNbd_NY8JMYIRS8XT9xAg_mDFuAuthbiJnE7k-vpjb6ktdezmhQOSuAVJtQ6gf_TtcZCpGZGahKIPQQ00OEzmEpnEdOKPCpgidEAEWMDlISkoj6mRGENaYlrJljR27pmfApGYtkh4&amp;__tn__=*NK-R\">#foerstervorort<\/a><\/p>\n\n\n\nngg_shortcode_0_placeholder\n","protected":false},"excerpt":{"rendered":"<p>Die klimatischen Ver\u00e4nderungen erfordern k\u00fcnftig auch ein Umdenken in Sachen Bewirtschaftung des Waldes. Gern habe ich daher das Angebot zu einer Vor-Ort Besichtigung in L\u00e4rz angenommen. Danke an Herrn Maltzahn und Dirk Johne von der IG BAU f\u00fcr die Organisation. #dauerwald #igbaunord #l\u00e4rz #foerstervorort<\/p>\n","protected":false},"author":1,"featured_media":15094,"comment_status":"closed","ping_status":"closed","sticky":false,"template":"","format":"standard","meta":{"ngg_post_thumbnail":0,"footnotes":""},"categories":[3],"tags":[],"class_list":["post-15093","post","type-post","status-publish","format-standard","has-post-thumbnail","hentry","category-allgemein"],"_links":{"self":[{"href":"https:\/\/henning-foerster.de\/index.php?rest_route=\/wp\/v2\/posts\/15093","targetHints":{"allow":["GET"]}}],"collection":[{"href":"https:\/\/henning-foerster.de\/index.php?rest_route=\/wp\/v2\/posts"}],"about":[{"href":"https:\/\/henning-foerster.de\/index.php?rest_route=\/wp\/v2\/types\/post"}],"author":[{"embeddable":true,"href":"https:\/\/henning-foerster.de\/index.php?rest_route=\/wp\/v2\/users\/1"}],"replies":[{"embeddable":true,"href":"https:\/\/henning-foerster.de\/index.php?rest_route=%2Fwp%2Fv2%2Fcomments&post=15093"}],"version-history":[{"count":1,"href":"https:\/\/henning-foerster.de\/index.php?rest_route=\/wp\/v2\/posts\/15093\/revisions"}],"predecessor-version":[{"id":15095,"href":"https:\/\/henning-foerster.de\/index.php?rest_route=\/wp\/v2\/posts\/15093\/revisions\/15095"}],"wp:featuredmedia":[{"embeddable":true,"href":"https:\/\/henning-foerster.de\/index.php?rest_route=\/wp\/v2\/media\/15094"}],"wp:attachment":[{"href":"https:\/\/henning-foerster.de\/index.php?rest_route=%2Fwp%2Fv2%2Fmedia&parent=15093"}],"wp:term":[{"taxonomy":"category","embeddable":true,"href":"https:\/\/henning-foerster.de\/index.php?rest_route=%2Fwp%2Fv2%2Fcategories&post=15093"},{"taxonomy":"post_tag","embeddable":true,"href":"https:\/\/henning-foerster.de\/index.php?rest_route=%2Fwp%2Fv2%2Ftags&post=15093"}],"curies":[{"name":"wp","href":"https:\/\/api.w.org\/{rel}","templated":true}]}}