{"id":15076,"date":"2023-06-24T10:16:13","date_gmt":"2023-06-24T08:16:13","guid":{"rendered":"http:\/\/henning-foerster.de\/?p=15076"},"modified":"2023-06-27T10:18:01","modified_gmt":"2023-06-27T08:18:01","slug":"15076","status":"publish","type":"post","link":"https:\/\/henning-foerster.de\/?p=15076","title":{"rendered":"Stadtteilfest auf dem Dreesch"},"content":{"rendered":"\n<p>Heute ist Stadtteilfest auf dem Dreesch. Am Fu\u00dfe des Fernsehturms nutze ich die Chance f\u00fcr Gespr\u00e4che mit zahlreichen Akteuren aus dem Schweriner S\u00fcden.<\/p>\n\n\n\n<p><a href=\"https:\/\/www.facebook.com\/hashtag\/stadtteilfestdreesch?__eep__=6&amp;__cft__[0]=AZXzrlaXrBGZNeWP2pNKkr8OwFThN9suZ8Bm3kB-5j5YnQ0p0Y6Z8flFt-51eBPJ8AfWAgXRFk9iW5DiSWeI0-Zi1zSiY_UDAHfd-S66Kts1efgE95gU9o26KZxQqHwYBv8goW4sHz5_9ibA24gIIqWYebWKrMwQn_XwVKjqM8bco_2IQwpPRTM4bpUg0MHpdxk&amp;__tn__=*NK-R\">#stadtteilfestdreesch<\/a><\/p>\n\n\n\n<p><a href=\"https:\/\/www.facebook.com\/hashtag\/landeshauptstadtschwerin?__eep__=6&amp;__cft__[0]=AZXzrlaXrBGZNeWP2pNKkr8OwFThN9suZ8Bm3kB-5j5YnQ0p0Y6Z8flFt-51eBPJ8AfWAgXRFk9iW5DiSWeI0-Zi1zSiY_UDAHfd-S66Kts1efgE95gU9o26KZxQqHwYBv8goW4sHz5_9ibA24gIIqWYebWKrMwQn_XwVKjqM8bco_2IQwpPRTM4bpUg0MHpdxk&amp;__tn__=*NK-R\">#landeshauptstadtschwerin<\/a><\/p>\n\n\n\n<p><a href=\"https:\/\/www.facebook.com\/hashtag\/schwerinerfernsehturm?__eep__=6&amp;__cft__[0]=AZXzrlaXrBGZNeWP2pNKkr8OwFThN9suZ8Bm3kB-5j5YnQ0p0Y6Z8flFt-51eBPJ8AfWAgXRFk9iW5DiSWeI0-Zi1zSiY_UDAHfd-S66Kts1efgE95gU9o26KZxQqHwYBv8goW4sHz5_9ibA24gIIqWYebWKrMwQn_XwVKjqM8bco_2IQwpPRTM4bpUg0MHpdxk&amp;__tn__=*NK-R\">#schwerinerfernsehturm<\/a><\/p>\n\n\n\n<p><a href=\"https:\/\/www.facebook.com\/hashtag\/foerstervorort?__eep__=6&amp;__cft__[0]=AZXzrlaXrBGZNeWP2pNKkr8OwFThN9suZ8Bm3kB-5j5YnQ0p0Y6Z8flFt-51eBPJ8AfWAgXRFk9iW5DiSWeI0-Zi1zSiY_UDAHfd-S66Kts1efgE95gU9o26KZxQqHwYBv8goW4sHz5_9ibA24gIIqWYebWKrMwQn_XwVKjqM8bco_2IQwpPRTM4bpUg0MHpdxk&amp;__tn__=*NK-R\">#foerstervorort<\/a><\/p>\n\n\n\nngg_shortcode_0_placeholder\n","protected":false},"excerpt":{"rendered":"<p>Heute ist Stadtteilfest auf dem Dreesch. Am Fu\u00dfe des Fernsehturms nutze ich die Chance f\u00fcr Gespr\u00e4che mit zahlreichen Akteuren aus dem Schweriner S\u00fcden. #stadtteilfestdreesch #landeshauptstadtschwerin #schwerinerfernsehturm #foerstervorort<\/p>\n","protected":false},"author":1,"featured_media":15077,"comment_status":"closed","ping_status":"closed","sticky":false,"template":"","format":"standard","meta":{"ngg_post_thumbnail":0,"footnotes":""},"categories":[3],"tags":[],"class_list":["post-15076","post","type-post","status-publish","format-standard","has-post-thumbnail","hentry","category-allgemein"],"_links":{"self":[{"href":"https:\/\/henning-foerster.de\/index.php?rest_route=\/wp\/v2\/posts\/15076","targetHints":{"allow":["GET"]}}],"collection":[{"href":"https:\/\/henning-foerster.de\/index.php?rest_route=\/wp\/v2\/posts"}],"about":[{"href":"https:\/\/henning-foerster.de\/index.php?rest_route=\/wp\/v2\/types\/post"}],"author":[{"embeddable":true,"href":"https:\/\/henning-foerster.de\/index.php?rest_route=\/wp\/v2\/users\/1"}],"replies":[{"embeddable":true,"href":"https:\/\/henning-foerster.de\/index.php?rest_route=%2Fwp%2Fv2%2Fcomments&post=15076"}],"version-history":[{"count":2,"href":"https:\/\/henning-foerster.de\/index.php?rest_route=\/wp\/v2\/posts\/15076\/revisions"}],"predecessor-version":[{"id":15079,"href":"https:\/\/henning-foerster.de\/index.php?rest_route=\/wp\/v2\/posts\/15076\/revisions\/15079"}],"wp:featuredmedia":[{"embeddable":true,"href":"https:\/\/henning-foerster.de\/index.php?rest_route=\/wp\/v2\/media\/15077"}],"wp:attachment":[{"href":"https:\/\/henning-foerster.de\/index.php?rest_route=%2Fwp%2Fv2%2Fmedia&parent=15076"}],"wp:term":[{"taxonomy":"category","embeddable":true,"href":"https:\/\/henning-foerster.de\/index.php?rest_route=%2Fwp%2Fv2%2Fcategories&post=15076"},{"taxonomy":"post_tag","embeddable":true,"href":"https:\/\/henning-foerster.de\/index.php?rest_route=%2Fwp%2Fv2%2Ftags&post=15076"}],"curies":[{"name":"wp","href":"https:\/\/api.w.org\/{rel}","templated":true}]}}