{"id":15063,"date":"2023-06-21T10:08:54","date_gmt":"2023-06-21T08:08:54","guid":{"rendered":"http:\/\/henning-foerster.de\/?p=15063"},"modified":"2023-06-27T10:10:16","modified_gmt":"2023-06-27T08:10:16","slug":"sommerkonzert-der-kita-mosaik","status":"publish","type":"post","link":"https:\/\/henning-foerster.de\/?p=15063","title":{"rendered":"Sommerkonzert der Kita Mosaik"},"content":{"rendered":"\n<p>Heute Nachmittag besuche ich wieder das Sommerkonzert der Kita Mosaik. Seit 16 Jahren bringt unsere Burghild Brunzel den Kleinsten das Spielen auf der Blockfl\u00f6te bei. Was f\u00fcr eine Leistung mit mittlerweile 80 Jahren! <img loading=\"lazy\" decoding=\"async\" alt=\"&#x1f44d;\" src=\"https:\/\/static.xx.fbcdn.net\/images\/emoji.php\/v9\/tfc\/1\/16\/1f44d.png\" width=\"16\" height=\"16\"><\/p>\n\n\n\n<p><a href=\"https:\/\/www.facebook.com\/hashtag\/volkssolidarit%C3%A4ts%C3%BCdwestmecklenburg?__eep__=6&amp;__cft__[0]=AZUtJUuEWfvepABprZJwVUJuubaEHMoxLJAjmT1-ATrtg019fRNfCR1FotTjL9pF-Xjkt9jzu5EGx81igK42ELB6Ahq9NeomypEt3pFj28dkoY_H9LgkP_1c-0vyMlk3v7aNPBrZqMmawrATi7NfPTIZuJS1FOTrB54qRpXwYIJyYToFnyfToRJqEefj6sZqtNk&amp;__tn__=*NK-R\">#volkssolidarit\u00e4ts\u00fcdwestmecklenburg<\/a><\/p>\n\n\n\n<p><a href=\"https:\/\/www.facebook.com\/hashtag\/landeshauptstadtschwerin?__eep__=6&amp;__cft__[0]=AZUtJUuEWfvepABprZJwVUJuubaEHMoxLJAjmT1-ATrtg019fRNfCR1FotTjL9pF-Xjkt9jzu5EGx81igK42ELB6Ahq9NeomypEt3pFj28dkoY_H9LgkP_1c-0vyMlk3v7aNPBrZqMmawrATi7NfPTIZuJS1FOTrB54qRpXwYIJyYToFnyfToRJqEefj6sZqtNk&amp;__tn__=*NK-R\">#landeshauptstadtschwerin<\/a><\/p>\n\n\n\n<p><a href=\"https:\/\/www.facebook.com\/hashtag\/kitamosaikschwerin?__eep__=6&amp;__cft__[0]=AZUtJUuEWfvepABprZJwVUJuubaEHMoxLJAjmT1-ATrtg019fRNfCR1FotTjL9pF-Xjkt9jzu5EGx81igK42ELB6Ahq9NeomypEt3pFj28dkoY_H9LgkP_1c-0vyMlk3v7aNPBrZqMmawrATi7NfPTIZuJS1FOTrB54qRpXwYIJyYToFnyfToRJqEefj6sZqtNk&amp;__tn__=*NK-R\">#kitamosaikschwerin<\/a><\/p>\n\n\n\n<p><a href=\"https:\/\/www.facebook.com\/hashtag\/foerstervorort?__eep__=6&amp;__cft__[0]=AZUtJUuEWfvepABprZJwVUJuubaEHMoxLJAjmT1-ATrtg019fRNfCR1FotTjL9pF-Xjkt9jzu5EGx81igK42ELB6Ahq9NeomypEt3pFj28dkoY_H9LgkP_1c-0vyMlk3v7aNPBrZqMmawrATi7NfPTIZuJS1FOTrB54qRpXwYIJyYToFnyfToRJqEefj6sZqtNk&amp;__tn__=*NK-R\">#foerstervorort<\/a><\/p>\n\n\n\nngg_shortcode_0_placeholder\n","protected":false},"excerpt":{"rendered":"<p>Heute Nachmittag besuche ich wieder das Sommerkonzert der Kita Mosaik. Seit 16 Jahren bringt unsere Burghild Brunzel den Kleinsten das Spielen auf der Blockfl\u00f6te bei. Was f\u00fcr eine Leistung mit mittlerweile 80 Jahren! #volkssolidarit\u00e4ts\u00fcdwestmecklenburg #landeshauptstadtschwerin #kitamosaikschwerin #foerstervorort<\/p>\n","protected":false},"author":1,"featured_media":15064,"comment_status":"closed","ping_status":"closed","sticky":false,"template":"","format":"standard","meta":{"ngg_post_thumbnail":0,"footnotes":""},"categories":[3],"tags":[],"class_list":["post-15063","post","type-post","status-publish","format-standard","has-post-thumbnail","hentry","category-allgemein"],"_links":{"self":[{"href":"https:\/\/henning-foerster.de\/index.php?rest_route=\/wp\/v2\/posts\/15063","targetHints":{"allow":["GET"]}}],"collection":[{"href":"https:\/\/henning-foerster.de\/index.php?rest_route=\/wp\/v2\/posts"}],"about":[{"href":"https:\/\/henning-foerster.de\/index.php?rest_route=\/wp\/v2\/types\/post"}],"author":[{"embeddable":true,"href":"https:\/\/henning-foerster.de\/index.php?rest_route=\/wp\/v2\/users\/1"}],"replies":[{"embeddable":true,"href":"https:\/\/henning-foerster.de\/index.php?rest_route=%2Fwp%2Fv2%2Fcomments&post=15063"}],"version-history":[{"count":1,"href":"https:\/\/henning-foerster.de\/index.php?rest_route=\/wp\/v2\/posts\/15063\/revisions"}],"predecessor-version":[{"id":15065,"href":"https:\/\/henning-foerster.de\/index.php?rest_route=\/wp\/v2\/posts\/15063\/revisions\/15065"}],"wp:featuredmedia":[{"embeddable":true,"href":"https:\/\/henning-foerster.de\/index.php?rest_route=\/wp\/v2\/media\/15064"}],"wp:attachment":[{"href":"https:\/\/henning-foerster.de\/index.php?rest_route=%2Fwp%2Fv2%2Fmedia&parent=15063"}],"wp:term":[{"taxonomy":"category","embeddable":true,"href":"https:\/\/henning-foerster.de\/index.php?rest_route=%2Fwp%2Fv2%2Fcategories&post=15063"},{"taxonomy":"post_tag","embeddable":true,"href":"https:\/\/henning-foerster.de\/index.php?rest_route=%2Fwp%2Fv2%2Ftags&post=15063"}],"curies":[{"name":"wp","href":"https:\/\/api.w.org\/{rel}","templated":true}]}}