{"id":15060,"date":"2023-06-20T10:07:03","date_gmt":"2023-06-20T08:07:03","guid":{"rendered":"http:\/\/henning-foerster.de\/?p=15060"},"modified":"2023-06-27T10:08:45","modified_gmt":"2023-06-27T08:08:45","slug":"sommerfest-im-hdb","status":"publish","type":"post","link":"https:\/\/henning-foerster.de\/?p=15060","title":{"rendered":"Sommerfest im HdB"},"content":{"rendered":"\n<p>Heute Abend lud der Ortsverband S\u00fcd im Haus der Begegnung zum Sommerfest. Gro\u00dfe Reden wurdenl nicht geschwungen, stattdessen sollte es Raum f\u00fcr pers\u00f6nliche Gespr\u00e4che am und um den Grill geben. Ausgezeichnet haben wir drei langj\u00e4hrige, engagierte Mitstreiter\/innen. Danke an Euch und auch an Marco Rauch. Es war ein gutes gemeinsames Jahr an der Spitze des Ortsverbandes.<\/p>\n\n\n\n<p><a href=\"https:\/\/www.facebook.com\/hashtag\/landeshauptstadtschwerin?__eep__=6&amp;__cft__[0]=AZXBG7pXXRNEq6p9WSBOq8k-2dI7S7MdxAcd1LJp37sO50NSDqxjL0v1yjsO5i0Vla8CBGBzBdHGkTvIyDjSIBs_qPIZizfNA2YyFoO8MHIjjSOBFVXAXUL5FzXVSyOSeZNI5NRGGx0-f-1V2eNz6nYzR0KcSKKdlHTbvS7Cz6Qxug05hzB9HAEXjKTD0MY66_M&amp;__tn__=*NK-R\">#landeshauptstadtschwerin<\/a><\/p>\n\n\n\n<p><a href=\"https:\/\/www.facebook.com\/hashtag\/hausderbegegnungschwerin?__eep__=6&amp;__cft__[0]=AZXBG7pXXRNEq6p9WSBOq8k-2dI7S7MdxAcd1LJp37sO50NSDqxjL0v1yjsO5i0Vla8CBGBzBdHGkTvIyDjSIBs_qPIZizfNA2YyFoO8MHIjjSOBFVXAXUL5FzXVSyOSeZNI5NRGGx0-f-1V2eNz6nYzR0KcSKKdlHTbvS7Cz6Qxug05hzB9HAEXjKTD0MY66_M&amp;__tn__=*NK-R\">#hausderbegegnungschwerin<\/a><\/p>\n\n\n\n<p><a href=\"https:\/\/www.facebook.com\/hashtag\/ortsverbands%C3%BCd?__eep__=6&amp;__cft__[0]=AZXBG7pXXRNEq6p9WSBOq8k-2dI7S7MdxAcd1LJp37sO50NSDqxjL0v1yjsO5i0Vla8CBGBzBdHGkTvIyDjSIBs_qPIZizfNA2YyFoO8MHIjjSOBFVXAXUL5FzXVSyOSeZNI5NRGGx0-f-1V2eNz6nYzR0KcSKKdlHTbvS7Cz6Qxug05hzB9HAEXjKTD0MY66_M&amp;__tn__=*NK-R\">#ortsverbands\u00fcd<\/a><\/p>\n\n\n\n<p><a href=\"https:\/\/www.facebook.com\/hashtag\/foerstervorort?__eep__=6&amp;__cft__[0]=AZXBG7pXXRNEq6p9WSBOq8k-2dI7S7MdxAcd1LJp37sO50NSDqxjL0v1yjsO5i0Vla8CBGBzBdHGkTvIyDjSIBs_qPIZizfNA2YyFoO8MHIjjSOBFVXAXUL5FzXVSyOSeZNI5NRGGx0-f-1V2eNz6nYzR0KcSKKdlHTbvS7Cz6Qxug05hzB9HAEXjKTD0MY66_M&amp;__tn__=*NK-R\">#foerstervorort<\/a><\/p>\n\n\n\nngg_shortcode_0_placeholder\n","protected":false},"excerpt":{"rendered":"<p>Heute Abend lud der Ortsverband S\u00fcd im Haus der Begegnung zum Sommerfest. Gro\u00dfe Reden wurdenl nicht geschwungen, stattdessen sollte es Raum f\u00fcr pers\u00f6nliche Gespr\u00e4che am und um den Grill geben. Ausgezeichnet haben wir drei langj\u00e4hrige, engagierte Mitstreiter\/innen. Danke an Euch und auch an Marco Rauch. Es war ein gutes gemeinsames Jahr an der Spitze des [&hellip;]<\/p>\n","protected":false},"author":1,"featured_media":15061,"comment_status":"closed","ping_status":"closed","sticky":false,"template":"","format":"standard","meta":{"ngg_post_thumbnail":0,"footnotes":""},"categories":[3],"tags":[],"class_list":["post-15060","post","type-post","status-publish","format-standard","has-post-thumbnail","hentry","category-allgemein"],"_links":{"self":[{"href":"https:\/\/henning-foerster.de\/index.php?rest_route=\/wp\/v2\/posts\/15060","targetHints":{"allow":["GET"]}}],"collection":[{"href":"https:\/\/henning-foerster.de\/index.php?rest_route=\/wp\/v2\/posts"}],"about":[{"href":"https:\/\/henning-foerster.de\/index.php?rest_route=\/wp\/v2\/types\/post"}],"author":[{"embeddable":true,"href":"https:\/\/henning-foerster.de\/index.php?rest_route=\/wp\/v2\/users\/1"}],"replies":[{"embeddable":true,"href":"https:\/\/henning-foerster.de\/index.php?rest_route=%2Fwp%2Fv2%2Fcomments&post=15060"}],"version-history":[{"count":1,"href":"https:\/\/henning-foerster.de\/index.php?rest_route=\/wp\/v2\/posts\/15060\/revisions"}],"predecessor-version":[{"id":15062,"href":"https:\/\/henning-foerster.de\/index.php?rest_route=\/wp\/v2\/posts\/15060\/revisions\/15062"}],"wp:featuredmedia":[{"embeddable":true,"href":"https:\/\/henning-foerster.de\/index.php?rest_route=\/wp\/v2\/media\/15061"}],"wp:attachment":[{"href":"https:\/\/henning-foerster.de\/index.php?rest_route=%2Fwp%2Fv2%2Fmedia&parent=15060"}],"wp:term":[{"taxonomy":"category","embeddable":true,"href":"https:\/\/henning-foerster.de\/index.php?rest_route=%2Fwp%2Fv2%2Fcategories&post=15060"},{"taxonomy":"post_tag","embeddable":true,"href":"https:\/\/henning-foerster.de\/index.php?rest_route=%2Fwp%2Fv2%2Ftags&post=15060"}],"curies":[{"name":"wp","href":"https:\/\/api.w.org\/{rel}","templated":true}]}}