{"id":15016,"date":"2023-06-01T13:24:11","date_gmt":"2023-06-01T11:24:11","guid":{"rendered":"http:\/\/henning-foerster.de\/?p=15016"},"modified":"2023-06-12T13:25:34","modified_gmt":"2023-06-12T11:25:34","slug":"am-kindertag-unterwegs","status":"publish","type":"post","link":"https:\/\/henning-foerster.de\/?p=15016","title":{"rendered":"Am Kindertag unterwegs"},"content":{"rendered":"\n<p>Heute bin ich anl\u00e4sslich des Internationalen Kindertages unterwegs. In der Kita Mosaik sorgte das auch in diesem Jahr wieder f\u00fcr leuchtende Kinderaugen.<\/p>\n\n\n\n<p><a href=\"https:\/\/www.facebook.com\/hashtag\/kindertag?__eep__=6&amp;__cft__[0]=AZWBlyaBrD2w4KaOyAAuJs7QUlsk1K-iFUcflNNvMCGck60WyXFh6z7MKev7pkFOTKy-Vb_iUmACzl_fzOyvZpOpdVK71M7iDJjLp5N5wbLdBCyxujbAd3U54SLhr0txsYVd7HIn2XpGnsVLvWKOzMzaHSSbajJN7LStAsEF_jBFY-Vzl78o203nJtxsgQ4WuGhCx-xbAq3ju35aR9u0LZxy&amp;__tn__=*NK-R\">#kindertag<\/a><\/p>\n\n\n\n<p><a href=\"https:\/\/www.facebook.com\/hashtag\/landeshauptstadtschwerin?__eep__=6&amp;__cft__[0]=AZWBlyaBrD2w4KaOyAAuJs7QUlsk1K-iFUcflNNvMCGck60WyXFh6z7MKev7pkFOTKy-Vb_iUmACzl_fzOyvZpOpdVK71M7iDJjLp5N5wbLdBCyxujbAd3U54SLhr0txsYVd7HIn2XpGnsVLvWKOzMzaHSSbajJN7LStAsEF_jBFY-Vzl78o203nJtxsgQ4WuGhCx-xbAq3ju35aR9u0LZxy&amp;__tn__=*NK-R\">#landeshauptstadtschwerin<\/a><\/p>\n\n\n\n<p><a href=\"https:\/\/www.facebook.com\/hashtag\/kitamosaikschwerin?__eep__=6&amp;__cft__[0]=AZWBlyaBrD2w4KaOyAAuJs7QUlsk1K-iFUcflNNvMCGck60WyXFh6z7MKev7pkFOTKy-Vb_iUmACzl_fzOyvZpOpdVK71M7iDJjLp5N5wbLdBCyxujbAd3U54SLhr0txsYVd7HIn2XpGnsVLvWKOzMzaHSSbajJN7LStAsEF_jBFY-Vzl78o203nJtxsgQ4WuGhCx-xbAq3ju35aR9u0LZxy&amp;__tn__=*NK-R\">#kitamosaikschwerin<\/a><\/p>\n\n\n\n<p><a href=\"https:\/\/www.facebook.com\/hashtag\/volkssolidarit%C3%A4tschwerin?__eep__=6&amp;__cft__[0]=AZWBlyaBrD2w4KaOyAAuJs7QUlsk1K-iFUcflNNvMCGck60WyXFh6z7MKev7pkFOTKy-Vb_iUmACzl_fzOyvZpOpdVK71M7iDJjLp5N5wbLdBCyxujbAd3U54SLhr0txsYVd7HIn2XpGnsVLvWKOzMzaHSSbajJN7LStAsEF_jBFY-Vzl78o203nJtxsgQ4WuGhCx-xbAq3ju35aR9u0LZxy&amp;__tn__=*NK-R\">#volkssolidarit\u00e4tschwerin<\/a><\/p>\n\n\n\n<p><a href=\"https:\/\/www.facebook.com\/hashtag\/foerstervorort?__eep__=6&amp;__cft__[0]=AZWBlyaBrD2w4KaOyAAuJs7QUlsk1K-iFUcflNNvMCGck60WyXFh6z7MKev7pkFOTKy-Vb_iUmACzl_fzOyvZpOpdVK71M7iDJjLp5N5wbLdBCyxujbAd3U54SLhr0txsYVd7HIn2XpGnsVLvWKOzMzaHSSbajJN7LStAsEF_jBFY-Vzl78o203nJtxsgQ4WuGhCx-xbAq3ju35aR9u0LZxy&amp;__tn__=*NK-R\">#foerstervorort<\/a><\/p>\n","protected":false},"excerpt":{"rendered":"<p>Heute bin ich anl\u00e4sslich des Internationalen Kindertages unterwegs. In der Kita Mosaik sorgte das auch in diesem Jahr wieder f\u00fcr leuchtende Kinderaugen. #kindertag #landeshauptstadtschwerin #kitamosaikschwerin #volkssolidarit\u00e4tschwerin #foerstervorort<\/p>\n","protected":false},"author":1,"featured_media":15017,"comment_status":"closed","ping_status":"closed","sticky":false,"template":"","format":"standard","meta":{"ngg_post_thumbnail":0,"footnotes":""},"categories":[3],"tags":[],"class_list":["post-15016","post","type-post","status-publish","format-standard","has-post-thumbnail","hentry","category-allgemein"],"_links":{"self":[{"href":"https:\/\/henning-foerster.de\/index.php?rest_route=\/wp\/v2\/posts\/15016","targetHints":{"allow":["GET"]}}],"collection":[{"href":"https:\/\/henning-foerster.de\/index.php?rest_route=\/wp\/v2\/posts"}],"about":[{"href":"https:\/\/henning-foerster.de\/index.php?rest_route=\/wp\/v2\/types\/post"}],"author":[{"embeddable":true,"href":"https:\/\/henning-foerster.de\/index.php?rest_route=\/wp\/v2\/users\/1"}],"replies":[{"embeddable":true,"href":"https:\/\/henning-foerster.de\/index.php?rest_route=%2Fwp%2Fv2%2Fcomments&post=15016"}],"version-history":[{"count":1,"href":"https:\/\/henning-foerster.de\/index.php?rest_route=\/wp\/v2\/posts\/15016\/revisions"}],"predecessor-version":[{"id":15018,"href":"https:\/\/henning-foerster.de\/index.php?rest_route=\/wp\/v2\/posts\/15016\/revisions\/15018"}],"wp:featuredmedia":[{"embeddable":true,"href":"https:\/\/henning-foerster.de\/index.php?rest_route=\/wp\/v2\/media\/15017"}],"wp:attachment":[{"href":"https:\/\/henning-foerster.de\/index.php?rest_route=%2Fwp%2Fv2%2Fmedia&parent=15016"}],"wp:term":[{"taxonomy":"category","embeddable":true,"href":"https:\/\/henning-foerster.de\/index.php?rest_route=%2Fwp%2Fv2%2Fcategories&post=15016"},{"taxonomy":"post_tag","embeddable":true,"href":"https:\/\/henning-foerster.de\/index.php?rest_route=%2Fwp%2Fv2%2Ftags&post=15016"}],"curies":[{"name":"wp","href":"https:\/\/api.w.org\/{rel}","templated":true}]}}