{"id":15012,"date":"2023-06-01T13:19:28","date_gmt":"2023-06-01T11:19:28","guid":{"rendered":"http:\/\/henning-foerster.de\/?p=15012"},"modified":"2023-06-12T13:23:30","modified_gmt":"2023-06-12T11:23:30","slug":"15012","status":"publish","type":"post","link":"https:\/\/henning-foerster.de\/?p=15012","title":{"rendered":"Kita-G\u00e4nsebl\u00fcmchen-Er\u00f6ffnung"},"content":{"rendered":"\n<p>Heute vormittag wurde nun auch die neue Kita G\u00e4nsebl\u00fcmchen in der Weststadt er\u00f6ffnet. In den letzten f\u00fcnf Jahren hat Schwerin mehr als 1000 neue Pl\u00e4tze geschaffen. Herzlichen Gl\u00fcckwunsch zum neuen Heim!<\/p>\n\n\n\n<p><a href=\"https:\/\/www.facebook.com\/hashtag\/landeshauptstadtschwerin?__eep__=6&amp;__cft__[0]=AZXrX9eN2nIs-jbfW1auW17q7ea7XWd5DgmeH_nMwACzmGfUP8W6TF-8iCyZXU8n5P5gB7ORuByL8eywA7iSM48wlcB-PPi81vKsehHCSX9dsmX605u0WUJ0LvbKiuqbkML_Lqyt28gM7WB9FQjnobB-Di8XKjtgoLPOgMK7nsJGS2_-9rBDUOJ8AXuwlUconRwvOxfLlpucZ4WY8x3zIDtv&amp;__tn__=*NK-R\">#landeshauptstadtschwerin<\/a><\/p>\n\n\n\n<p><a href=\"https:\/\/www.facebook.com\/hashtag\/kitaggmbhschwerin?__eep__=6&amp;__cft__[0]=AZXrX9eN2nIs-jbfW1auW17q7ea7XWd5DgmeH_nMwACzmGfUP8W6TF-8iCyZXU8n5P5gB7ORuByL8eywA7iSM48wlcB-PPi81vKsehHCSX9dsmX605u0WUJ0LvbKiuqbkML_Lqyt28gM7WB9FQjnobB-Di8XKjtgoLPOgMK7nsJGS2_-9rBDUOJ8AXuwlUconRwvOxfLlpucZ4WY8x3zIDtv&amp;__tn__=*NK-R\">#kitaggmbhschwerin<\/a><\/p>\n\n\n\n<p><a href=\"https:\/\/www.facebook.com\/hashtag\/foerstervorort?__eep__=6&amp;__cft__[0]=AZXrX9eN2nIs-jbfW1auW17q7ea7XWd5DgmeH_nMwACzmGfUP8W6TF-8iCyZXU8n5P5gB7ORuByL8eywA7iSM48wlcB-PPi81vKsehHCSX9dsmX605u0WUJ0LvbKiuqbkML_Lqyt28gM7WB9FQjnobB-Di8XKjtgoLPOgMK7nsJGS2_-9rBDUOJ8AXuwlUconRwvOxfLlpucZ4WY8x3zIDtv&amp;__tn__=*NK-R\">#foerstervorort<\/a><\/p>\n\n\n\nngg_shortcode_0_placeholder\n","protected":false},"excerpt":{"rendered":"<p>Heute vormittag wurde nun auch die neue Kita G\u00e4nsebl\u00fcmchen in der Weststadt er\u00f6ffnet. In den letzten f\u00fcnf Jahren hat Schwerin mehr als 1000 neue Pl\u00e4tze geschaffen. Herzlichen Gl\u00fcckwunsch zum neuen Heim! #landeshauptstadtschwerin #kitaggmbhschwerin #foerstervorort<\/p>\n","protected":false},"author":1,"featured_media":15013,"comment_status":"closed","ping_status":"closed","sticky":false,"template":"","format":"standard","meta":{"ngg_post_thumbnail":0,"footnotes":""},"categories":[3],"tags":[],"class_list":["post-15012","post","type-post","status-publish","format-standard","has-post-thumbnail","hentry","category-allgemein"],"_links":{"self":[{"href":"https:\/\/henning-foerster.de\/index.php?rest_route=\/wp\/v2\/posts\/15012","targetHints":{"allow":["GET"]}}],"collection":[{"href":"https:\/\/henning-foerster.de\/index.php?rest_route=\/wp\/v2\/posts"}],"about":[{"href":"https:\/\/henning-foerster.de\/index.php?rest_route=\/wp\/v2\/types\/post"}],"author":[{"embeddable":true,"href":"https:\/\/henning-foerster.de\/index.php?rest_route=\/wp\/v2\/users\/1"}],"replies":[{"embeddable":true,"href":"https:\/\/henning-foerster.de\/index.php?rest_route=%2Fwp%2Fv2%2Fcomments&post=15012"}],"version-history":[{"count":2,"href":"https:\/\/henning-foerster.de\/index.php?rest_route=\/wp\/v2\/posts\/15012\/revisions"}],"predecessor-version":[{"id":15015,"href":"https:\/\/henning-foerster.de\/index.php?rest_route=\/wp\/v2\/posts\/15012\/revisions\/15015"}],"wp:featuredmedia":[{"embeddable":true,"href":"https:\/\/henning-foerster.de\/index.php?rest_route=\/wp\/v2\/media\/15013"}],"wp:attachment":[{"href":"https:\/\/henning-foerster.de\/index.php?rest_route=%2Fwp%2Fv2%2Fmedia&parent=15012"}],"wp:term":[{"taxonomy":"category","embeddable":true,"href":"https:\/\/henning-foerster.de\/index.php?rest_route=%2Fwp%2Fv2%2Fcategories&post=15012"},{"taxonomy":"post_tag","embeddable":true,"href":"https:\/\/henning-foerster.de\/index.php?rest_route=%2Fwp%2Fv2%2Ftags&post=15012"}],"curies":[{"name":"wp","href":"https:\/\/api.w.org\/{rel}","templated":true}]}}