{"id":14995,"date":"2023-06-08T12:52:49","date_gmt":"2023-06-08T10:52:49","guid":{"rendered":"http:\/\/henning-foerster.de\/?p=14995"},"modified":"2023-06-12T12:54:05","modified_gmt":"2023-06-12T10:54:05","slug":"14995","status":"publish","type":"post","link":"https:\/\/henning-foerster.de\/?p=14995","title":{"rendered":""},"content":{"rendered":"\n<p>Am Donnerstag Vormittag besuche ich die Jugendherberge Schwerin. Dank der AWO, die das Haus \u00fcbernommen hat, wird es auch k\u00fcnftig ein kosteng\u00fcnstiges Angebot der Beherbergung f\u00fcr Kinder, Jugendliche, Vereine und Familien in der Landeshauptstadt geben.<\/p>\n\n\n\n<p><a href=\"https:\/\/www.facebook.com\/hashtag\/awoschwerin?__eep__=6&amp;__cft__[0]=AZUgLp2v9szvC8jYc0Lbrhk5qpiEMueYu1S437bqteJxiT2Ew--p1B88yxJq_Cyj6GEdyh0htmiGm4lWX5Cht59xwFlzQhgz3b9fnA7n3Qrdrsf-N0u6P_UWmUMDaU8cZ7rPW2_XU1XqWusnlOWiNwhuP7aPBDBiczOvZ5G3lJEEkpTzr-rkkljKChGieKFISPLQ_nTrojbRDFTEJ-z5XwLu&amp;__tn__=*NK-R\">#awoschwerin<\/a><\/p>\n\n\n\n<p><a href=\"https:\/\/www.facebook.com\/hashtag\/kinderundjugendtourismus?__eep__=6&amp;__cft__[0]=AZUgLp2v9szvC8jYc0Lbrhk5qpiEMueYu1S437bqteJxiT2Ew--p1B88yxJq_Cyj6GEdyh0htmiGm4lWX5Cht59xwFlzQhgz3b9fnA7n3Qrdrsf-N0u6P_UWmUMDaU8cZ7rPW2_XU1XqWusnlOWiNwhuP7aPBDBiczOvZ5G3lJEEkpTzr-rkkljKChGieKFISPLQ_nTrojbRDFTEJ-z5XwLu&amp;__tn__=*NK-R\">#kinderundjugendtourismus<\/a><\/p>\n\n\n\n<p><a href=\"https:\/\/www.facebook.com\/hashtag\/landeshauptstadtschwerin?__eep__=6&amp;__cft__[0]=AZUgLp2v9szvC8jYc0Lbrhk5qpiEMueYu1S437bqteJxiT2Ew--p1B88yxJq_Cyj6GEdyh0htmiGm4lWX5Cht59xwFlzQhgz3b9fnA7n3Qrdrsf-N0u6P_UWmUMDaU8cZ7rPW2_XU1XqWusnlOWiNwhuP7aPBDBiczOvZ5G3lJEEkpTzr-rkkljKChGieKFISPLQ_nTrojbRDFTEJ-z5XwLu&amp;__tn__=*NK-R\">#landeshauptstadtschwerin<\/a><\/p>\n\n\n\n<p><a href=\"https:\/\/www.facebook.com\/hashtag\/foerstervorort?__eep__=6&amp;__cft__[0]=AZUgLp2v9szvC8jYc0Lbrhk5qpiEMueYu1S437bqteJxiT2Ew--p1B88yxJq_Cyj6GEdyh0htmiGm4lWX5Cht59xwFlzQhgz3b9fnA7n3Qrdrsf-N0u6P_UWmUMDaU8cZ7rPW2_XU1XqWusnlOWiNwhuP7aPBDBiczOvZ5G3lJEEkpTzr-rkkljKChGieKFISPLQ_nTrojbRDFTEJ-z5XwLu&amp;__tn__=*NK-R\">#foerstervorort<\/a><\/p>\n","protected":false},"excerpt":{"rendered":"<p>Am Donnerstag Vormittag besuche ich die Jugendherberge Schwerin. Dank der AWO, die das Haus \u00fcbernommen hat, wird es auch k\u00fcnftig ein kosteng\u00fcnstiges Angebot der Beherbergung f\u00fcr Kinder, Jugendliche, Vereine und Familien in der Landeshauptstadt geben. #awoschwerin #kinderundjugendtourismus #landeshauptstadtschwerin #foerstervorort<\/p>\n","protected":false},"author":1,"featured_media":14996,"comment_status":"closed","ping_status":"closed","sticky":false,"template":"","format":"standard","meta":{"ngg_post_thumbnail":0,"footnotes":""},"categories":[3],"tags":[],"class_list":["post-14995","post","type-post","status-publish","format-standard","has-post-thumbnail","hentry","category-allgemein"],"_links":{"self":[{"href":"https:\/\/henning-foerster.de\/index.php?rest_route=\/wp\/v2\/posts\/14995","targetHints":{"allow":["GET"]}}],"collection":[{"href":"https:\/\/henning-foerster.de\/index.php?rest_route=\/wp\/v2\/posts"}],"about":[{"href":"https:\/\/henning-foerster.de\/index.php?rest_route=\/wp\/v2\/types\/post"}],"author":[{"embeddable":true,"href":"https:\/\/henning-foerster.de\/index.php?rest_route=\/wp\/v2\/users\/1"}],"replies":[{"embeddable":true,"href":"https:\/\/henning-foerster.de\/index.php?rest_route=%2Fwp%2Fv2%2Fcomments&post=14995"}],"version-history":[{"count":1,"href":"https:\/\/henning-foerster.de\/index.php?rest_route=\/wp\/v2\/posts\/14995\/revisions"}],"predecessor-version":[{"id":14997,"href":"https:\/\/henning-foerster.de\/index.php?rest_route=\/wp\/v2\/posts\/14995\/revisions\/14997"}],"wp:featuredmedia":[{"embeddable":true,"href":"https:\/\/henning-foerster.de\/index.php?rest_route=\/wp\/v2\/media\/14996"}],"wp:attachment":[{"href":"https:\/\/henning-foerster.de\/index.php?rest_route=%2Fwp%2Fv2%2Fmedia&parent=14995"}],"wp:term":[{"taxonomy":"category","embeddable":true,"href":"https:\/\/henning-foerster.de\/index.php?rest_route=%2Fwp%2Fv2%2Fcategories&post=14995"},{"taxonomy":"post_tag","embeddable":true,"href":"https:\/\/henning-foerster.de\/index.php?rest_route=%2Fwp%2Fv2%2Ftags&post=14995"}],"curies":[{"name":"wp","href":"https:\/\/api.w.org\/{rel}","templated":true}]}}