{"id":14988,"date":"2023-06-06T12:43:44","date_gmt":"2023-06-06T10:43:44","guid":{"rendered":"http:\/\/henning-foerster.de\/?p=14988"},"modified":"2023-06-12T12:44:47","modified_gmt":"2023-06-12T10:44:47","slug":"14988","status":"publish","type":"post","link":"https:\/\/henning-foerster.de\/?p=14988","title":{"rendered":""},"content":{"rendered":"\n<p>Am Dienstag habe ich mich zum nun schon traditionellen Jahresgespr\u00e4ch zur Arbeitsmarktentwicklung in Westmecklenburg mit den Gesch\u00e4ftsf\u00fchrern von Bundesagentur f\u00fcr Arbeit und Jobcenter Herrn Sydow und Herrn Skowronnek getroffen. Vielen Dank f\u00fcr die Einblicke und den konstruktiven Austausch.<\/p>\n\n\n\n<p><a href=\"https:\/\/www.facebook.com\/hashtag\/bundesagenturf%C3%BCrarbeit?__eep__=6&amp;__cft__[0]=AZVqDm1A40S_WkHPYqF3PH222WH1XqilsJwuWk-v9afWTq3SawgbmWP5pzDxytfjvsxo3l_twK71t13yB_k6iF2bhCBvQDpmcrppbEzK-b9O98p-QubJ7slKur0hB75EYqgPV8hY0hlaetYMKOxfFH4WDmn0bgDFQ5aJVIhh-VGM8-pmjtrtr3mW_zYzOCPikrqhBjOZCLuwD3siTZZGoNaC&amp;__tn__=*NK-R\">#bundesagenturf\u00fcrarbeit<\/a><\/p>\n\n\n\n<p><a href=\"https:\/\/www.facebook.com\/hashtag\/jobcenterschwerin?__eep__=6&amp;__cft__[0]=AZVqDm1A40S_WkHPYqF3PH222WH1XqilsJwuWk-v9afWTq3SawgbmWP5pzDxytfjvsxo3l_twK71t13yB_k6iF2bhCBvQDpmcrppbEzK-b9O98p-QubJ7slKur0hB75EYqgPV8hY0hlaetYMKOxfFH4WDmn0bgDFQ5aJVIhh-VGM8-pmjtrtr3mW_zYzOCPikrqhBjOZCLuwD3siTZZGoNaC&amp;__tn__=*NK-R\">#jobcenterschwerin<\/a><\/p>\n\n\n\n<p><a href=\"https:\/\/www.facebook.com\/hashtag\/landeshauptstadtschwerin?__eep__=6&amp;__cft__[0]=AZVqDm1A40S_WkHPYqF3PH222WH1XqilsJwuWk-v9afWTq3SawgbmWP5pzDxytfjvsxo3l_twK71t13yB_k6iF2bhCBvQDpmcrppbEzK-b9O98p-QubJ7slKur0hB75EYqgPV8hY0hlaetYMKOxfFH4WDmn0bgDFQ5aJVIhh-VGM8-pmjtrtr3mW_zYzOCPikrqhBjOZCLuwD3siTZZGoNaC&amp;__tn__=*NK-R\">#landeshauptstadtschwerin<\/a><\/p>\n\n\n\n<p><a href=\"https:\/\/www.facebook.com\/hashtag\/foerstervorort?__eep__=6&amp;__cft__[0]=AZVqDm1A40S_WkHPYqF3PH222WH1XqilsJwuWk-v9afWTq3SawgbmWP5pzDxytfjvsxo3l_twK71t13yB_k6iF2bhCBvQDpmcrppbEzK-b9O98p-QubJ7slKur0hB75EYqgPV8hY0hlaetYMKOxfFH4WDmn0bgDFQ5aJVIhh-VGM8-pmjtrtr3mW_zYzOCPikrqhBjOZCLuwD3siTZZGoNaC&amp;__tn__=*NK-R\">#foerstervorort<\/a><\/p>\n","protected":false},"excerpt":{"rendered":"<p>Am Dienstag habe ich mich zum nun schon traditionellen Jahresgespr\u00e4ch zur Arbeitsmarktentwicklung in Westmecklenburg mit den Gesch\u00e4ftsf\u00fchrern von Bundesagentur f\u00fcr Arbeit und Jobcenter Herrn Sydow und Herrn Skowronnek getroffen. Vielen Dank f\u00fcr die Einblicke und den konstruktiven Austausch. #bundesagenturf\u00fcrarbeit #jobcenterschwerin #landeshauptstadtschwerin #foerstervorort<\/p>\n","protected":false},"author":1,"featured_media":14989,"comment_status":"closed","ping_status":"closed","sticky":false,"template":"","format":"standard","meta":{"ngg_post_thumbnail":0,"footnotes":""},"categories":[3],"tags":[],"class_list":["post-14988","post","type-post","status-publish","format-standard","has-post-thumbnail","hentry","category-allgemein"],"_links":{"self":[{"href":"https:\/\/henning-foerster.de\/index.php?rest_route=\/wp\/v2\/posts\/14988","targetHints":{"allow":["GET"]}}],"collection":[{"href":"https:\/\/henning-foerster.de\/index.php?rest_route=\/wp\/v2\/posts"}],"about":[{"href":"https:\/\/henning-foerster.de\/index.php?rest_route=\/wp\/v2\/types\/post"}],"author":[{"embeddable":true,"href":"https:\/\/henning-foerster.de\/index.php?rest_route=\/wp\/v2\/users\/1"}],"replies":[{"embeddable":true,"href":"https:\/\/henning-foerster.de\/index.php?rest_route=%2Fwp%2Fv2%2Fcomments&post=14988"}],"version-history":[{"count":1,"href":"https:\/\/henning-foerster.de\/index.php?rest_route=\/wp\/v2\/posts\/14988\/revisions"}],"predecessor-version":[{"id":14990,"href":"https:\/\/henning-foerster.de\/index.php?rest_route=\/wp\/v2\/posts\/14988\/revisions\/14990"}],"wp:featuredmedia":[{"embeddable":true,"href":"https:\/\/henning-foerster.de\/index.php?rest_route=\/wp\/v2\/media\/14989"}],"wp:attachment":[{"href":"https:\/\/henning-foerster.de\/index.php?rest_route=%2Fwp%2Fv2%2Fmedia&parent=14988"}],"wp:term":[{"taxonomy":"category","embeddable":true,"href":"https:\/\/henning-foerster.de\/index.php?rest_route=%2Fwp%2Fv2%2Fcategories&post=14988"},{"taxonomy":"post_tag","embeddable":true,"href":"https:\/\/henning-foerster.de\/index.php?rest_route=%2Fwp%2Fv2%2Ftags&post=14988"}],"curies":[{"name":"wp","href":"https:\/\/api.w.org\/{rel}","templated":true}]}}