{"id":14985,"date":"2023-06-04T12:39:58","date_gmt":"2023-06-04T10:39:58","guid":{"rendered":"http:\/\/henning-foerster.de\/?p=14985"},"modified":"2023-06-12T12:42:44","modified_gmt":"2023-06-12T10:42:44","slug":"erinnerung-an-die-buecherverbrennung-vor-90-jahren","status":"publish","type":"post","link":"https:\/\/henning-foerster.de\/?p=14985","title":{"rendered":"Erinnerung an die B\u00fccherverbrennung vor 90 Jahren"},"content":{"rendered":"\n<p>Mit dem Besuch der Wahlparty im Tisch war der Abend noch nicht zu Ende. Am Schweriner Pfaffenteich erinnerten zehn ganz verschiedene Pers\u00f6nlichkeiten aus Medien, Theater, Politik und Wirtschaft an die B\u00fccherverbrennung vor 90 Jahren. Ich verlas dabei Gedichte von Karl Marx.<\/p>\n\n\n\n<p><a href=\"https:\/\/www.facebook.com\/hashtag\/b%C3%BCcherverbrennung?__eep__=6&amp;__cft__[0]=AZUScqaU_UEThzvj-iq7LYB7eOIsUn2DRhyyUqYIegHaNJCyznefYbk-7jXs7jCMZ_Q6uMZk92BE0x0MbG0ID6X7Kulz4acRBez-oC3s5alqBh7lojXtjGmQC_XI4_W0yw72G91Dr6NzxIzTfTNiXk5nUVHpkiUtjBFPWJ1aoFM-wa5_5wGgSmNUn8q3GiW1QvqR1xnoHiAe6PCY97Hp9NoO&amp;__tn__=*NK-R\">#b\u00fccherverbrennung<\/a><\/p>\n\n\n\n<p><a href=\"https:\/\/www.facebook.com\/hashtag\/landeshauptstadtschwerin?__eep__=6&amp;__cft__[0]=AZUScqaU_UEThzvj-iq7LYB7eOIsUn2DRhyyUqYIegHaNJCyznefYbk-7jXs7jCMZ_Q6uMZk92BE0x0MbG0ID6X7Kulz4acRBez-oC3s5alqBh7lojXtjGmQC_XI4_W0yw72G91Dr6NzxIzTfTNiXk5nUVHpkiUtjBFPWJ1aoFM-wa5_5wGgSmNUn8q3GiW1QvqR1xnoHiAe6PCY97Hp9NoO&amp;__tn__=*NK-R\">#landeshauptstadtschwerin<\/a><\/p>\n\n\n\n<p><a href=\"https:\/\/www.facebook.com\/hashtag\/pfaffenteichschwerin?__eep__=6&amp;__cft__[0]=AZUScqaU_UEThzvj-iq7LYB7eOIsUn2DRhyyUqYIegHaNJCyznefYbk-7jXs7jCMZ_Q6uMZk92BE0x0MbG0ID6X7Kulz4acRBez-oC3s5alqBh7lojXtjGmQC_XI4_W0yw72G91Dr6NzxIzTfTNiXk5nUVHpkiUtjBFPWJ1aoFM-wa5_5wGgSmNUn8q3GiW1QvqR1xnoHiAe6PCY97Hp9NoO&amp;__tn__=*NK-R\">#pfaffenteichschwerin<\/a><\/p>\n\n\n\n<p><a href=\"https:\/\/www.facebook.com\/hashtag\/foerstervorort?__eep__=6&amp;__cft__[0]=AZUScqaU_UEThzvj-iq7LYB7eOIsUn2DRhyyUqYIegHaNJCyznefYbk-7jXs7jCMZ_Q6uMZk92BE0x0MbG0ID6X7Kulz4acRBez-oC3s5alqBh7lojXtjGmQC_XI4_W0yw72G91Dr6NzxIzTfTNiXk5nUVHpkiUtjBFPWJ1aoFM-wa5_5wGgSmNUn8q3GiW1QvqR1xnoHiAe6PCY97Hp9NoO&amp;__tn__=*NK-R\">#foerstervorort<\/a><\/p>\n\n\n\nngg_shortcode_0_placeholder\n","protected":false},"excerpt":{"rendered":"<p>Mit dem Besuch der Wahlparty im Tisch war der Abend noch nicht zu Ende. Am Schweriner Pfaffenteich erinnerten zehn ganz verschiedene Pers\u00f6nlichkeiten aus Medien, Theater, Politik und Wirtschaft an die B\u00fccherverbrennung vor 90 Jahren. Ich verlas dabei Gedichte von Karl Marx. #b\u00fccherverbrennung #landeshauptstadtschwerin #pfaffenteichschwerin #foerstervorort<\/p>\n","protected":false},"author":1,"featured_media":14986,"comment_status":"closed","ping_status":"closed","sticky":false,"template":"","format":"standard","meta":{"ngg_post_thumbnail":0,"footnotes":""},"categories":[3],"tags":[],"class_list":["post-14985","post","type-post","status-publish","format-standard","has-post-thumbnail","hentry","category-allgemein"],"_links":{"self":[{"href":"https:\/\/henning-foerster.de\/index.php?rest_route=\/wp\/v2\/posts\/14985","targetHints":{"allow":["GET"]}}],"collection":[{"href":"https:\/\/henning-foerster.de\/index.php?rest_route=\/wp\/v2\/posts"}],"about":[{"href":"https:\/\/henning-foerster.de\/index.php?rest_route=\/wp\/v2\/types\/post"}],"author":[{"embeddable":true,"href":"https:\/\/henning-foerster.de\/index.php?rest_route=\/wp\/v2\/users\/1"}],"replies":[{"embeddable":true,"href":"https:\/\/henning-foerster.de\/index.php?rest_route=%2Fwp%2Fv2%2Fcomments&post=14985"}],"version-history":[{"count":1,"href":"https:\/\/henning-foerster.de\/index.php?rest_route=\/wp\/v2\/posts\/14985\/revisions"}],"predecessor-version":[{"id":14987,"href":"https:\/\/henning-foerster.de\/index.php?rest_route=\/wp\/v2\/posts\/14985\/revisions\/14987"}],"wp:featuredmedia":[{"embeddable":true,"href":"https:\/\/henning-foerster.de\/index.php?rest_route=\/wp\/v2\/media\/14986"}],"wp:attachment":[{"href":"https:\/\/henning-foerster.de\/index.php?rest_route=%2Fwp%2Fv2%2Fmedia&parent=14985"}],"wp:term":[{"taxonomy":"category","embeddable":true,"href":"https:\/\/henning-foerster.de\/index.php?rest_route=%2Fwp%2Fv2%2Fcategories&post=14985"},{"taxonomy":"post_tag","embeddable":true,"href":"https:\/\/henning-foerster.de\/index.php?rest_route=%2Fwp%2Fv2%2Ftags&post=14985"}],"curies":[{"name":"wp","href":"https:\/\/api.w.org\/{rel}","templated":true}]}}