{"id":14982,"date":"2023-06-04T12:36:16","date_gmt":"2023-06-04T10:36:16","guid":{"rendered":"http:\/\/henning-foerster.de\/?p=14982"},"modified":"2023-06-12T12:39:07","modified_gmt":"2023-06-12T10:39:07","slug":"wahlabend-im-tisch","status":"publish","type":"post","link":"https:\/\/henning-foerster.de\/?p=14982","title":{"rendered":"Wahlabend im Tisch"},"content":{"rendered":"\n<p>Keine Frage, es ist ein ganz bitterer Wahlabend f\u00fcr unseren OB Kandidaten Dr. Daniel Trepsdorf und alle, die mit ihm in den letzten 3 Monaten in Schwerin gek\u00e4mpft haben. Kopf hoch, ich kann Dir das sowas von nachf\u00fchlen. In der Stichwahl werde ich jetzt den Amtsinhaber Dr. Rico Badenschier unterst\u00fctzen.<\/p>\n\n\n\n<p><a href=\"https:\/\/www.facebook.com\/hashtag\/obwahlschwerin2023?__eep__=6&amp;__cft__[0]=AZV9Qa43kqqPLX_oueJh-mDC_2gqBYBSoXj4ckCJYPP9tR7wBhr9FWiQfRJN5GQ-GK0NNBkARB5gLVxC1I5J9iKCWr-lxnvmx9J33dgeSPBJNWv_etxqeGa7yeTLG1WP6e41G9RXh3MH-TmpxDsHJzmm0k3EIt3aifgMwjXEmYL7hGf8F6PnhGQaB-1zrSiDDn4uvGVs2H0WXUiePEud9EOD&amp;__tn__=*NK-R\">#obwahlschwerin2023<\/a><\/p>\n\n\n\n<p><a href=\"https:\/\/www.facebook.com\/hashtag\/danieltrepsdorf?__eep__=6&amp;__cft__[0]=AZV9Qa43kqqPLX_oueJh-mDC_2gqBYBSoXj4ckCJYPP9tR7wBhr9FWiQfRJN5GQ-GK0NNBkARB5gLVxC1I5J9iKCWr-lxnvmx9J33dgeSPBJNWv_etxqeGa7yeTLG1WP6e41G9RXh3MH-TmpxDsHJzmm0k3EIt3aifgMwjXEmYL7hGf8F6PnhGQaB-1zrSiDDn4uvGVs2H0WXUiePEud9EOD&amp;__tn__=*NK-R\">#danieltrepsdorf<\/a><\/p>\n\n\n\n<p><a href=\"https:\/\/www.facebook.com\/hashtag\/landeshauptstadtschwerin?__eep__=6&amp;__cft__[0]=AZV9Qa43kqqPLX_oueJh-mDC_2gqBYBSoXj4ckCJYPP9tR7wBhr9FWiQfRJN5GQ-GK0NNBkARB5gLVxC1I5J9iKCWr-lxnvmx9J33dgeSPBJNWv_etxqeGa7yeTLG1WP6e41G9RXh3MH-TmpxDsHJzmm0k3EIt3aifgMwjXEmYL7hGf8F6PnhGQaB-1zrSiDDn4uvGVs2H0WXUiePEud9EOD&amp;__tn__=*NK-R\">#landeshauptstadtschwerin<\/a><\/p>\n\n\n\n<p><a href=\"https:\/\/www.facebook.com\/hashtag\/foerstervorort?__eep__=6&amp;__cft__[0]=AZV9Qa43kqqPLX_oueJh-mDC_2gqBYBSoXj4ckCJYPP9tR7wBhr9FWiQfRJN5GQ-GK0NNBkARB5gLVxC1I5J9iKCWr-lxnvmx9J33dgeSPBJNWv_etxqeGa7yeTLG1WP6e41G9RXh3MH-TmpxDsHJzmm0k3EIt3aifgMwjXEmYL7hGf8F6PnhGQaB-1zrSiDDn4uvGVs2H0WXUiePEud9EOD&amp;__tn__=*NK-R\">#foerstervorort<\/a><\/p>\n\n\n\nngg_shortcode_0_placeholder\n","protected":false},"excerpt":{"rendered":"<p>Keine Frage, es ist ein ganz bitterer Wahlabend f\u00fcr unseren OB Kandidaten Dr. Daniel Trepsdorf und alle, die mit ihm in den letzten 3 Monaten in Schwerin gek\u00e4mpft haben. Kopf hoch, ich kann Dir das sowas von nachf\u00fchlen. In der Stichwahl werde ich jetzt den Amtsinhaber Dr. Rico Badenschier unterst\u00fctzen. #obwahlschwerin2023 #danieltrepsdorf #landeshauptstadtschwerin #foerstervorort<\/p>\n","protected":false},"author":1,"featured_media":14983,"comment_status":"closed","ping_status":"closed","sticky":false,"template":"","format":"standard","meta":{"ngg_post_thumbnail":0,"footnotes":""},"categories":[3],"tags":[],"class_list":["post-14982","post","type-post","status-publish","format-standard","has-post-thumbnail","hentry","category-allgemein"],"_links":{"self":[{"href":"https:\/\/henning-foerster.de\/index.php?rest_route=\/wp\/v2\/posts\/14982","targetHints":{"allow":["GET"]}}],"collection":[{"href":"https:\/\/henning-foerster.de\/index.php?rest_route=\/wp\/v2\/posts"}],"about":[{"href":"https:\/\/henning-foerster.de\/index.php?rest_route=\/wp\/v2\/types\/post"}],"author":[{"embeddable":true,"href":"https:\/\/henning-foerster.de\/index.php?rest_route=\/wp\/v2\/users\/1"}],"replies":[{"embeddable":true,"href":"https:\/\/henning-foerster.de\/index.php?rest_route=%2Fwp%2Fv2%2Fcomments&post=14982"}],"version-history":[{"count":1,"href":"https:\/\/henning-foerster.de\/index.php?rest_route=\/wp\/v2\/posts\/14982\/revisions"}],"predecessor-version":[{"id":14984,"href":"https:\/\/henning-foerster.de\/index.php?rest_route=\/wp\/v2\/posts\/14982\/revisions\/14984"}],"wp:featuredmedia":[{"embeddable":true,"href":"https:\/\/henning-foerster.de\/index.php?rest_route=\/wp\/v2\/media\/14983"}],"wp:attachment":[{"href":"https:\/\/henning-foerster.de\/index.php?rest_route=%2Fwp%2Fv2%2Fmedia&parent=14982"}],"wp:term":[{"taxonomy":"category","embeddable":true,"href":"https:\/\/henning-foerster.de\/index.php?rest_route=%2Fwp%2Fv2%2Fcategories&post=14982"},{"taxonomy":"post_tag","embeddable":true,"href":"https:\/\/henning-foerster.de\/index.php?rest_route=%2Fwp%2Fv2%2Ftags&post=14982"}],"curies":[{"name":"wp","href":"https:\/\/api.w.org\/{rel}","templated":true}]}}