{"id":14979,"date":"2023-06-03T12:29:05","date_gmt":"2023-06-03T10:29:05","guid":{"rendered":"http:\/\/henning-foerster.de\/?p=14979"},"modified":"2023-06-12T12:34:29","modified_gmt":"2023-06-12T10:34:29","slug":"30-jahre-kiss-in-schwerin","status":"publish","type":"post","link":"https:\/\/henning-foerster.de\/?p=14979","title":{"rendered":"30 Jahre KISS in Schwerin"},"content":{"rendered":"\n<p>Heute vertrete ich die Landtagsfraktion beim Sommerfest der Selbsthilfegruppen KISS im Bus Stop. 162 Gruppen geben derzeit den Betroffenen verschiedenster Erkrankungen R\u00fcckhalt und sind damit ein wesentlicher Faktor f\u00fcr deren Gesundung. Danke f\u00fcr Eure Arbeit und Herzlichen Gl\u00fcckwunsch.<\/p>\n\n\n\n<p><a href=\"https:\/\/www.facebook.com\/hashtag\/linksfraktionmv?__eep__=6&amp;__cft__[0]=AZXeZIa_CZdJ5q9rjotB2albREfREYm1YwtoybEtzqP2J996vYNgjeGzjPaA7eurr79IM01z5id3AMLEt5uS9hWoWrG9_iFCwO6ylyNVhnHgstoAf0UrvM-X983gxoot4nhX6oLNlYafIfgj4DwSkontZqbJUwkby3fdtHuMJh6b-_RUsNMfzdiwGh6VcIwhcgTBW3grtMJCRjuhvJsJMxNO&amp;__tn__=*NK-R\">#linksfraktionmv<\/a><\/p>\n\n\n\n<p><a href=\"https:\/\/www.facebook.com\/hashtag\/kissschwerin?__eep__=6&amp;__cft__[0]=AZXeZIa_CZdJ5q9rjotB2albREfREYm1YwtoybEtzqP2J996vYNgjeGzjPaA7eurr79IM01z5id3AMLEt5uS9hWoWrG9_iFCwO6ylyNVhnHgstoAf0UrvM-X983gxoot4nhX6oLNlYafIfgj4DwSkontZqbJUwkby3fdtHuMJh6b-_RUsNMfzdiwGh6VcIwhcgTBW3grtMJCRjuhvJsJMxNO&amp;__tn__=*NK-R\">#kissschwerin<\/a><\/p>\n\n\n\n<p><a href=\"https:\/\/www.facebook.com\/hashtag\/busstopschwerin?__eep__=6&amp;__cft__[0]=AZXeZIa_CZdJ5q9rjotB2albREfREYm1YwtoybEtzqP2J996vYNgjeGzjPaA7eurr79IM01z5id3AMLEt5uS9hWoWrG9_iFCwO6ylyNVhnHgstoAf0UrvM-X983gxoot4nhX6oLNlYafIfgj4DwSkontZqbJUwkby3fdtHuMJh6b-_RUsNMfzdiwGh6VcIwhcgTBW3grtMJCRjuhvJsJMxNO&amp;__tn__=*NK-R\">#busstopschwerin<\/a><\/p>\n\n\n\n<p><a href=\"https:\/\/www.facebook.com\/hashtag\/landeshauptstadtschwerin?__eep__=6&amp;__cft__[0]=AZXeZIa_CZdJ5q9rjotB2albREfREYm1YwtoybEtzqP2J996vYNgjeGzjPaA7eurr79IM01z5id3AMLEt5uS9hWoWrG9_iFCwO6ylyNVhnHgstoAf0UrvM-X983gxoot4nhX6oLNlYafIfgj4DwSkontZqbJUwkby3fdtHuMJh6b-_RUsNMfzdiwGh6VcIwhcgTBW3grtMJCRjuhvJsJMxNO&amp;__tn__=*NK-R\">#landeshauptstadtschwerin<\/a><\/p>\n\n\n\n<p><a href=\"https:\/\/www.facebook.com\/hashtag\/foerstervorort?__eep__=6&amp;__cft__[0]=AZXeZIa_CZdJ5q9rjotB2albREfREYm1YwtoybEtzqP2J996vYNgjeGzjPaA7eurr79IM01z5id3AMLEt5uS9hWoWrG9_iFCwO6ylyNVhnHgstoAf0UrvM-X983gxoot4nhX6oLNlYafIfgj4DwSkontZqbJUwkby3fdtHuMJh6b-_RUsNMfzdiwGh6VcIwhcgTBW3grtMJCRjuhvJsJMxNO&amp;__tn__=*NK-R\">#foerstervorort<\/a><\/p>\n\n\n\nngg_shortcode_0_placeholder\n","protected":false},"excerpt":{"rendered":"<p>Heute vertrete ich die Landtagsfraktion beim Sommerfest der Selbsthilfegruppen KISS im Bus Stop. 162 Gruppen geben derzeit den Betroffenen verschiedenster Erkrankungen R\u00fcckhalt und sind damit ein wesentlicher Faktor f\u00fcr deren Gesundung. Danke f\u00fcr Eure Arbeit und Herzlichen Gl\u00fcckwunsch. #linksfraktionmv #kissschwerin #busstopschwerin #landeshauptstadtschwerin #foerstervorort<\/p>\n","protected":false},"author":1,"featured_media":14980,"comment_status":"closed","ping_status":"closed","sticky":false,"template":"","format":"standard","meta":{"ngg_post_thumbnail":0,"footnotes":""},"categories":[3],"tags":[],"class_list":["post-14979","post","type-post","status-publish","format-standard","has-post-thumbnail","hentry","category-allgemein"],"_links":{"self":[{"href":"https:\/\/henning-foerster.de\/index.php?rest_route=\/wp\/v2\/posts\/14979","targetHints":{"allow":["GET"]}}],"collection":[{"href":"https:\/\/henning-foerster.de\/index.php?rest_route=\/wp\/v2\/posts"}],"about":[{"href":"https:\/\/henning-foerster.de\/index.php?rest_route=\/wp\/v2\/types\/post"}],"author":[{"embeddable":true,"href":"https:\/\/henning-foerster.de\/index.php?rest_route=\/wp\/v2\/users\/1"}],"replies":[{"embeddable":true,"href":"https:\/\/henning-foerster.de\/index.php?rest_route=%2Fwp%2Fv2%2Fcomments&post=14979"}],"version-history":[{"count":1,"href":"https:\/\/henning-foerster.de\/index.php?rest_route=\/wp\/v2\/posts\/14979\/revisions"}],"predecessor-version":[{"id":14981,"href":"https:\/\/henning-foerster.de\/index.php?rest_route=\/wp\/v2\/posts\/14979\/revisions\/14981"}],"wp:featuredmedia":[{"embeddable":true,"href":"https:\/\/henning-foerster.de\/index.php?rest_route=\/wp\/v2\/media\/14980"}],"wp:attachment":[{"href":"https:\/\/henning-foerster.de\/index.php?rest_route=%2Fwp%2Fv2%2Fmedia&parent=14979"}],"wp:term":[{"taxonomy":"category","embeddable":true,"href":"https:\/\/henning-foerster.de\/index.php?rest_route=%2Fwp%2Fv2%2Fcategories&post=14979"},{"taxonomy":"post_tag","embeddable":true,"href":"https:\/\/henning-foerster.de\/index.php?rest_route=%2Fwp%2Fv2%2Ftags&post=14979"}],"curies":[{"name":"wp","href":"https:\/\/api.w.org\/{rel}","templated":true}]}}