{"id":14796,"date":"2023-01-13T15:41:00","date_gmt":"2023-01-13T14:41:00","guid":{"rendered":"http:\/\/henning-foerster.de\/?p=14796"},"modified":"2023-01-16T15:43:11","modified_gmt":"2023-01-16T14:43:11","slug":"kundgebung-der-buergerinitiative-fuer-den-erhalt-der-suedbahn","status":"publish","type":"post","link":"https:\/\/henning-foerster.de\/?p=14796","title":{"rendered":"Kundgebung der B\u00fcrgerinitiative f\u00fcr den Erhalt der S\u00fcdbahn"},"content":{"rendered":"\n<p>Heute Abend bin ich zu Gast bei der Kundgebung der B\u00fcrgerinitiative f\u00fcr den Erhalt der S\u00fcdbahn. Ich berichte dabei \u00fcber die Hintergr\u00fcnde des Gutachtens f\u00fcr die Nord-S\u00fcd und die West-Ost Achse. Das Interesse an den neuen Entwicklungen ist gro\u00df.<\/p>\n\n\n\n<p><a href=\"https:\/\/www.facebook.com\/hashtag\/s%C3%BCdbahn?__eep__=6&amp;__cft__[0]=AZVVhkzswO82OqSnSxvpNXZAOp_5sgLm9dcmTfxxarFBXeWjZWCC05HrGHDA8tRo_hIvcIkisR0mmtmxS0Owltj6xcR6jIlQAHAMK43NTYBBepj2KizL9I1pWgoNN6ll2uZ_Tpn8vHJSiG7nV_nyogT9kcLRw8M3TcaDg8dmo-FXFx2d_MC21D1WLUouIrpag1dVMhDLxZIWlfH1dSXBZHdL&amp;__tn__=*NK-R\">#S\u00fcdbahn<\/a><\/p>\n\n\n\n<p><a href=\"https:\/\/www.facebook.com\/hashtag\/l%C3%BCbz?__eep__=6&amp;__cft__[0]=AZVVhkzswO82OqSnSxvpNXZAOp_5sgLm9dcmTfxxarFBXeWjZWCC05HrGHDA8tRo_hIvcIkisR0mmtmxS0Owltj6xcR6jIlQAHAMK43NTYBBepj2KizL9I1pWgoNN6ll2uZ_Tpn8vHJSiG7nV_nyogT9kcLRw8M3TcaDg8dmo-FXFx2d_MC21D1WLUouIrpag1dVMhDLxZIWlfH1dSXBZHdL&amp;__tn__=*NK-R\">#L\u00fcbz<\/a><\/p>\n\n\n\n<p><a href=\"https:\/\/www.facebook.com\/hashtag\/eisenbahnhatzukunft?__eep__=6&amp;__cft__[0]=AZVVhkzswO82OqSnSxvpNXZAOp_5sgLm9dcmTfxxarFBXeWjZWCC05HrGHDA8tRo_hIvcIkisR0mmtmxS0Owltj6xcR6jIlQAHAMK43NTYBBepj2KizL9I1pWgoNN6ll2uZ_Tpn8vHJSiG7nV_nyogT9kcLRw8M3TcaDg8dmo-FXFx2d_MC21D1WLUouIrpag1dVMhDLxZIWlfH1dSXBZHdL&amp;__tn__=*NK-R\">#EisenbahnhatZukunft<\/a><\/p>\n\n\n\n<p><a href=\"https:\/\/www.facebook.com\/hashtag\/foerstervorort?__eep__=6&amp;__cft__[0]=AZVVhkzswO82OqSnSxvpNXZAOp_5sgLm9dcmTfxxarFBXeWjZWCC05HrGHDA8tRo_hIvcIkisR0mmtmxS0Owltj6xcR6jIlQAHAMK43NTYBBepj2KizL9I1pWgoNN6ll2uZ_Tpn8vHJSiG7nV_nyogT9kcLRw8M3TcaDg8dmo-FXFx2d_MC21D1WLUouIrpag1dVMhDLxZIWlfH1dSXBZHdL&amp;__tn__=*NK-R\">#FoerstervorOrt<\/a><\/p>\n\n\n\nngg_shortcode_0_placeholder\n","protected":false},"excerpt":{"rendered":"<p>Heute Abend bin ich zu Gast bei der Kundgebung der B\u00fcrgerinitiative f\u00fcr den Erhalt der S\u00fcdbahn. Ich berichte dabei \u00fcber die Hintergr\u00fcnde des Gutachtens f\u00fcr die Nord-S\u00fcd und die West-Ost Achse. Das Interesse an den neuen Entwicklungen ist gro\u00df. #S\u00fcdbahn #L\u00fcbz #EisenbahnhatZukunft #FoerstervorOrt<\/p>\n","protected":false},"author":1,"featured_media":14797,"comment_status":"closed","ping_status":"closed","sticky":false,"template":"","format":"standard","meta":{"ngg_post_thumbnail":0,"footnotes":""},"categories":[3],"tags":[],"class_list":["post-14796","post","type-post","status-publish","format-standard","has-post-thumbnail","hentry","category-allgemein"],"_links":{"self":[{"href":"https:\/\/henning-foerster.de\/index.php?rest_route=\/wp\/v2\/posts\/14796","targetHints":{"allow":["GET"]}}],"collection":[{"href":"https:\/\/henning-foerster.de\/index.php?rest_route=\/wp\/v2\/posts"}],"about":[{"href":"https:\/\/henning-foerster.de\/index.php?rest_route=\/wp\/v2\/types\/post"}],"author":[{"embeddable":true,"href":"https:\/\/henning-foerster.de\/index.php?rest_route=\/wp\/v2\/users\/1"}],"replies":[{"embeddable":true,"href":"https:\/\/henning-foerster.de\/index.php?rest_route=%2Fwp%2Fv2%2Fcomments&post=14796"}],"version-history":[{"count":1,"href":"https:\/\/henning-foerster.de\/index.php?rest_route=\/wp\/v2\/posts\/14796\/revisions"}],"predecessor-version":[{"id":14798,"href":"https:\/\/henning-foerster.de\/index.php?rest_route=\/wp\/v2\/posts\/14796\/revisions\/14798"}],"wp:featuredmedia":[{"embeddable":true,"href":"https:\/\/henning-foerster.de\/index.php?rest_route=\/wp\/v2\/media\/14797"}],"wp:attachment":[{"href":"https:\/\/henning-foerster.de\/index.php?rest_route=%2Fwp%2Fv2%2Fmedia&parent=14796"}],"wp:term":[{"taxonomy":"category","embeddable":true,"href":"https:\/\/henning-foerster.de\/index.php?rest_route=%2Fwp%2Fv2%2Fcategories&post=14796"},{"taxonomy":"post_tag","embeddable":true,"href":"https:\/\/henning-foerster.de\/index.php?rest_route=%2Fwp%2Fv2%2Ftags&post=14796"}],"curies":[{"name":"wp","href":"https:\/\/api.w.org\/{rel}","templated":true}]}}