{"id":12285,"date":"2020-02-22T10:26:54","date_gmt":"2020-02-22T09:26:54","guid":{"rendered":"http:\/\/henning-foerster.de\/?p=12285"},"modified":"2020-03-10T10:33:05","modified_gmt":"2020-03-10T09:33:05","slug":"wir-initiative-und-ehrenamtsmesse-in-schwerin","status":"publish","type":"post","link":"https:\/\/henning-foerster.de\/?p=12285","title":{"rendered":"WIR Initiative und Ehrenamtsmesse in Schwerin"},"content":{"rendered":"\nngg_shortcode_0_placeholder\n<p style=\"text-align: justify;\">Zahlreiche Vereine und Verb\u00e4nde haben sich heute<br>im Rahmen der Initiative &#8222;WIR-Erfolg braucht Vielfalt&#8220; und auch der Ehrenamtsmesse in Schwerin pr\u00e4sentiert. Viktor Micheilis vertrat dabei wieder mein B\u00fcrgerb\u00fcro. <a class=\"_58cn\" href=\"https:\/\/www.facebook.com\/hashtag\/wirerfolgbrauchtvielfalt?source=feed_text&amp;epa=HASHTAG&amp;__xts__%5B0%5D=68.ARAWoY0dA49pj7X1CU8W29gTROj2q9k8NNLsmW_Dhz2KmT7Q4S0CP6OGgRA6qFZwwOFRzUW7NYxplpcQ_bAVweb1YrPQtYJMm5lhhyX3WQEyB_Q-pCWeKWD5wIwYEcjKknryVjYD4ckyEz7orrwsxoBRcWZDZHzZv5xt4d3ZuZYtDs0SllULK3o7dUfDs3ZTjSWhkiPY21jZSWJ5q_QpRGWFbllJyPD7xHu1fS9qaCDPh928P0Ux6Y4SV96G5ZbhDCLCwQU5KWnVJCxTgCKIV1tYMLhC_nuVJl_XqnZm-jyH3VP27hT63oyfQEe-PA8gacoGyvI4Gb8_hkZ5XW6vLnE&amp;__tn__=%2ANK-R\" data-ft=\"{&quot;type&quot;:104,&quot;tn&quot;:&quot;*N&quot;}\"><span class=\"_5afx\"><span class=\"_58cl _5afz\" aria-label=\"Hashtag\">#<\/span><span class=\"_58cm\">WirErfolgbrauchtVielfalt<\/span><\/span><\/a> <a class=\"_58cn\" href=\"https:\/\/www.facebook.com\/hashtag\/ehrenamt?source=feed_text&amp;epa=HASHTAG&amp;__xts__%5B0%5D=68.ARAWoY0dA49pj7X1CU8W29gTROj2q9k8NNLsmW_Dhz2KmT7Q4S0CP6OGgRA6qFZwwOFRzUW7NYxplpcQ_bAVweb1YrPQtYJMm5lhhyX3WQEyB_Q-pCWeKWD5wIwYEcjKknryVjYD4ckyEz7orrwsxoBRcWZDZHzZv5xt4d3ZuZYtDs0SllULK3o7dUfDs3ZTjSWhkiPY21jZSWJ5q_QpRGWFbllJyPD7xHu1fS9qaCDPh928P0Ux6Y4SV96G5ZbhDCLCwQU5KWnVJCxTgCKIV1tYMLhC_nuVJl_XqnZm-jyH3VP27hT63oyfQEe-PA8gacoGyvI4Gb8_hkZ5XW6vLnE&amp;__tn__=%2ANK-R\" data-ft=\"{&quot;type&quot;:104,&quot;tn&quot;:&quot;*N&quot;}\"><span class=\"_5afx\"><span class=\"_58cl _5afz\" aria-label=\"Hashtag\">#<\/span><span class=\"_58cm\">Ehrenamt<\/span><\/span><\/a><\/p>\n","protected":false},"excerpt":{"rendered":"","protected":false},"author":1,"featured_media":0,"comment_status":"closed","ping_status":"closed","sticky":false,"template":"","format":"standard","meta":{"ngg_post_thumbnail":0,"footnotes":""},"categories":[3],"tags":[],"class_list":["post-12285","post","type-post","status-publish","format-standard","hentry","category-allgemein"],"_links":{"self":[{"href":"https:\/\/henning-foerster.de\/index.php?rest_route=\/wp\/v2\/posts\/12285","targetHints":{"allow":["GET"]}}],"collection":[{"href":"https:\/\/henning-foerster.de\/index.php?rest_route=\/wp\/v2\/posts"}],"about":[{"href":"https:\/\/henning-foerster.de\/index.php?rest_route=\/wp\/v2\/types\/post"}],"author":[{"embeddable":true,"href":"https:\/\/henning-foerster.de\/index.php?rest_route=\/wp\/v2\/users\/1"}],"replies":[{"embeddable":true,"href":"https:\/\/henning-foerster.de\/index.php?rest_route=%2Fwp%2Fv2%2Fcomments&post=12285"}],"version-history":[{"count":2,"href":"https:\/\/henning-foerster.de\/index.php?rest_route=\/wp\/v2\/posts\/12285\/revisions"}],"predecessor-version":[{"id":12291,"href":"https:\/\/henning-foerster.de\/index.php?rest_route=\/wp\/v2\/posts\/12285\/revisions\/12291"}],"wp:attachment":[{"href":"https:\/\/henning-foerster.de\/index.php?rest_route=%2Fwp%2Fv2%2Fmedia&parent=12285"}],"wp:term":[{"taxonomy":"category","embeddable":true,"href":"https:\/\/henning-foerster.de\/index.php?rest_route=%2Fwp%2Fv2%2Fcategories&post=12285"},{"taxonomy":"post_tag","embeddable":true,"href":"https:\/\/henning-foerster.de\/index.php?rest_route=%2Fwp%2Fv2%2Ftags&post=12285"}],"curies":[{"name":"wp","href":"https:\/\/api.w.org\/{rel}","templated":true}]}}