{"id":12260,"date":"2020-02-04T10:01:29","date_gmt":"2020-02-04T09:01:29","guid":{"rendered":"http:\/\/henning-foerster.de\/?p=12260"},"modified":"2020-02-20T10:03:27","modified_gmt":"2020-02-20T09:03:27","slug":"betriebs-und-personalraete-zu-gast-in-banzkow","status":"publish","type":"post","link":"https:\/\/henning-foerster.de\/?p=12260","title":{"rendered":"Betriebs- und Personalr\u00e4te zu Gast in Banzkow"},"content":{"rendered":"\nngg_shortcode_0_placeholder\n<p style=\"text-align: justify;\">&#8222;Den digitalen Wandel der Arbeitswelt gestalten &#8211; Herausforderungen f\u00fcr Besch\u00e4ftigte, Betriebs- und Personalr\u00e4te wie f\u00fcr Unternehmen und Institutionen\u201c unter diesem Motto beginnt heute die Betriebs- und Personalr\u00e4tekonferenz der Linksfraktion in Banzkow. Ich halte das Eingangsreferat und moderiere dann die Podiumsdiskussion.<\/p>\n","protected":false},"excerpt":{"rendered":"","protected":false},"author":1,"featured_media":0,"comment_status":"closed","ping_status":"closed","sticky":false,"template":"","format":"standard","meta":{"ngg_post_thumbnail":0,"footnotes":""},"categories":[3],"tags":[],"class_list":["post-12260","post","type-post","status-publish","format-standard","hentry","category-allgemein"],"_links":{"self":[{"href":"https:\/\/henning-foerster.de\/index.php?rest_route=\/wp\/v2\/posts\/12260","targetHints":{"allow":["GET"]}}],"collection":[{"href":"https:\/\/henning-foerster.de\/index.php?rest_route=\/wp\/v2\/posts"}],"about":[{"href":"https:\/\/henning-foerster.de\/index.php?rest_route=\/wp\/v2\/types\/post"}],"author":[{"embeddable":true,"href":"https:\/\/henning-foerster.de\/index.php?rest_route=\/wp\/v2\/users\/1"}],"replies":[{"embeddable":true,"href":"https:\/\/henning-foerster.de\/index.php?rest_route=%2Fwp%2Fv2%2Fcomments&post=12260"}],"version-history":[{"count":2,"href":"https:\/\/henning-foerster.de\/index.php?rest_route=\/wp\/v2\/posts\/12260\/revisions"}],"predecessor-version":[{"id":12264,"href":"https:\/\/henning-foerster.de\/index.php?rest_route=\/wp\/v2\/posts\/12260\/revisions\/12264"}],"wp:attachment":[{"href":"https:\/\/henning-foerster.de\/index.php?rest_route=%2Fwp%2Fv2%2Fmedia&parent=12260"}],"wp:term":[{"taxonomy":"category","embeddable":true,"href":"https:\/\/henning-foerster.de\/index.php?rest_route=%2Fwp%2Fv2%2Fcategories&post=12260"},{"taxonomy":"post_tag","embeddable":true,"href":"https:\/\/henning-foerster.de\/index.php?rest_route=%2Fwp%2Fv2%2Ftags&post=12260"}],"curies":[{"name":"wp","href":"https:\/\/api.w.org\/{rel}","templated":true}]}}