{"id":12204,"date":"2020-01-21T11:33:02","date_gmt":"2020-01-21T10:33:02","guid":{"rendered":"http:\/\/henning-foerster.de\/?p=12204"},"modified":"2020-01-31T12:01:26","modified_gmt":"2020-01-31T11:01:26","slug":"gratulation-zum-60-geburtstag","status":"publish","type":"post","link":"https:\/\/henning-foerster.de\/?p=12204","title":{"rendered":"Gratulation zum 60. Geburtstag"},"content":{"rendered":"\nngg_shortcode_0_placeholder\n<p style=\"text-align: justify;\">Gemeinsam mit meinem Kollegen J\u00f6rg B\u00f6hm von der LAG Betrieb &amp; Gewerkschaft habe ich heute Abend die Gl\u00fcckw\u00fcnsche der Landtagsfraktion an den DGB Nord Vize Ingo Schl\u00fcter \u00fcberbracht.<\/p>\n","protected":false},"excerpt":{"rendered":"","protected":false},"author":1,"featured_media":0,"comment_status":"closed","ping_status":"closed","sticky":false,"template":"","format":"standard","meta":{"ngg_post_thumbnail":0,"footnotes":""},"categories":[3],"tags":[],"class_list":["post-12204","post","type-post","status-publish","format-standard","hentry","category-allgemein"],"_links":{"self":[{"href":"https:\/\/henning-foerster.de\/index.php?rest_route=\/wp\/v2\/posts\/12204","targetHints":{"allow":["GET"]}}],"collection":[{"href":"https:\/\/henning-foerster.de\/index.php?rest_route=\/wp\/v2\/posts"}],"about":[{"href":"https:\/\/henning-foerster.de\/index.php?rest_route=\/wp\/v2\/types\/post"}],"author":[{"embeddable":true,"href":"https:\/\/henning-foerster.de\/index.php?rest_route=\/wp\/v2\/users\/1"}],"replies":[{"embeddable":true,"href":"https:\/\/henning-foerster.de\/index.php?rest_route=%2Fwp%2Fv2%2Fcomments&post=12204"}],"version-history":[{"count":2,"href":"https:\/\/henning-foerster.de\/index.php?rest_route=\/wp\/v2\/posts\/12204\/revisions"}],"predecessor-version":[{"id":12230,"href":"https:\/\/henning-foerster.de\/index.php?rest_route=\/wp\/v2\/posts\/12204\/revisions\/12230"}],"wp:attachment":[{"href":"https:\/\/henning-foerster.de\/index.php?rest_route=%2Fwp%2Fv2%2Fmedia&parent=12204"}],"wp:term":[{"taxonomy":"category","embeddable":true,"href":"https:\/\/henning-foerster.de\/index.php?rest_route=%2Fwp%2Fv2%2Fcategories&post=12204"},{"taxonomy":"post_tag","embeddable":true,"href":"https:\/\/henning-foerster.de\/index.php?rest_route=%2Fwp%2Fv2%2Ftags&post=12204"}],"curies":[{"name":"wp","href":"https:\/\/api.w.org\/{rel}","templated":true}]}}