{"id":12202,"date":"2020-01-17T11:30:02","date_gmt":"2020-01-17T10:30:02","guid":{"rendered":"http:\/\/henning-foerster.de\/?p=12202"},"modified":"2020-01-31T12:01:44","modified_gmt":"2020-01-31T11:01:44","slug":"abschied-herrn-claus-wergin","status":"publish","type":"post","link":"https:\/\/henning-foerster.de\/?p=12202","title":{"rendered":"Abschied Herrn Claus Wergin"},"content":{"rendered":"\nngg_shortcode_0_placeholder\n<p style=\"text-align: justify;\">Im Namen der Fraktion dankte Henning Foerster Claus Wergin aus dem Sozialministerium Mecklenburg-Vorpommern f\u00fcr seinen jahrelangen Einsatz f\u00fcr die Schulsozialarbeit und den Produktionsschulen. Alles Gute f\u00fcr den Ruhestand.<\/p>\n<p style=\"text-align: justify;\">Die Produktionsschulen werden den Kollegen Wergin bestimmt sehr vermissen. Alles Gute, privat und als ehrenamtlicher B\u00fcrgermeister von Seehof!<\/p>\n","protected":false},"excerpt":{"rendered":"","protected":false},"author":1,"featured_media":0,"comment_status":"closed","ping_status":"closed","sticky":false,"template":"","format":"standard","meta":{"ngg_post_thumbnail":0,"footnotes":""},"categories":[3],"tags":[],"class_list":["post-12202","post","type-post","status-publish","format-standard","hentry","category-allgemein"],"_links":{"self":[{"href":"https:\/\/henning-foerster.de\/index.php?rest_route=\/wp\/v2\/posts\/12202","targetHints":{"allow":["GET"]}}],"collection":[{"href":"https:\/\/henning-foerster.de\/index.php?rest_route=\/wp\/v2\/posts"}],"about":[{"href":"https:\/\/henning-foerster.de\/index.php?rest_route=\/wp\/v2\/types\/post"}],"author":[{"embeddable":true,"href":"https:\/\/henning-foerster.de\/index.php?rest_route=\/wp\/v2\/users\/1"}],"replies":[{"embeddable":true,"href":"https:\/\/henning-foerster.de\/index.php?rest_route=%2Fwp%2Fv2%2Fcomments&post=12202"}],"version-history":[{"count":2,"href":"https:\/\/henning-foerster.de\/index.php?rest_route=\/wp\/v2\/posts\/12202\/revisions"}],"predecessor-version":[{"id":12231,"href":"https:\/\/henning-foerster.de\/index.php?rest_route=\/wp\/v2\/posts\/12202\/revisions\/12231"}],"wp:attachment":[{"href":"https:\/\/henning-foerster.de\/index.php?rest_route=%2Fwp%2Fv2%2Fmedia&parent=12202"}],"wp:term":[{"taxonomy":"category","embeddable":true,"href":"https:\/\/henning-foerster.de\/index.php?rest_route=%2Fwp%2Fv2%2Fcategories&post=12202"},{"taxonomy":"post_tag","embeddable":true,"href":"https:\/\/henning-foerster.de\/index.php?rest_route=%2Fwp%2Fv2%2Ftags&post=12202"}],"curies":[{"name":"wp","href":"https:\/\/api.w.org\/{rel}","templated":true}]}}