{"id":11557,"date":"2019-06-27T19:23:38","date_gmt":"2019-06-27T17:23:38","guid":{"rendered":"http:\/\/henning-foerster.de\/?p=11557"},"modified":"2019-07-05T13:36:16","modified_gmt":"2019-07-05T11:36:16","slug":"10-jahre-24-stunden-kita-nidulus","status":"publish","type":"post","link":"https:\/\/henning-foerster.de\/?p=11557","title":{"rendered":"10 Jahre 24 &#8211; Stunden KITA Nidulus"},"content":{"rendered":"\nngg_shortcode_0_placeholder\n\n\n\n<p><p style=\"text-align: justify;\">\nHeute Abend habe ich die besten W\u00fcnsche unserer Fraktion zum 10-j\u00e4hrigen\n Jubil\u00e4um \u00fcbermitteln d\u00fcrfen. Das Projekt ist inzwischen bundesweit \nanerkannt. Bei der Gelegenheit durfte ich mit den GF von Kita gGmbH und \nHelios sowie den Kolleg*innen <a href=\"https:\/\/www.facebook.com\/profile.php?id=100009219699678&amp;__tn__=K-R&amp;eid=ARCij_zCumShuzKMXXFxTjpH4waxLsiwnmJ513JWe-yD9VflsxTdhcsEKjEd_s45s38D0E0QFeS7y3qL&amp;fref=mentions&amp;__xts__%5B0%5D=68.ARD6tEPdOV1bqo_WhTh36imy-BMal5IlCp4YLgF3um_pfBvIIIkLxmcY3xakuRobaABtdZ_mxUChkIH57_MegsK9VFp7PNTPt2av2XwXJ7aopikILTgvUvd41EjtbaXzps_O8Tpo3qZS4G7UX7pv7WUBfXcDEbMVxFgiWeA4q67YnLXz9C_kYKNXs8s3dXz9rQB8XnL9GGZrYeIUvguR4uq2KoIUFm-vIxWr4LXoeXZrdiXFhrNZhEqQwTbArryTWIJgfhRM2nb6l8KY3z3_mYWXnDo9DFMyfiwrnAKOfAk1fKWxT89R995TCTrRhgWqdcy-p3H5nk1ATJjZY1I8kWw\">Gret-Doris Klemkow<\/a> und <a href=\"https:\/\/www.facebook.com\/sebastian.ehlers.54?__tn__=K-R&amp;eid=ARA_VKMUuBTwp-pRA9beGbuTS-YbnxgjYxgrVDECQF4Ayee_lJg6AUEYuVKLllWBslEM8gBejsqoMs-C&amp;fref=mentions&amp;__xts__%5B0%5D=68.ARD6tEPdOV1bqo_WhTh36imy-BMal5IlCp4YLgF3um_pfBvIIIkLxmcY3xakuRobaABtdZ_mxUChkIH57_MegsK9VFp7PNTPt2av2XwXJ7aopikILTgvUvd41EjtbaXzps_O8Tpo3qZS4G7UX7pv7WUBfXcDEbMVxFgiWeA4q67YnLXz9C_kYKNXs8s3dXz9rQB8XnL9GGZrYeIUvguR4uq2KoIUFm-vIxWr4LXoeXZrdiXFhrNZhEqQwTbArryTWIJgfhRM2nb6l8KY3z3_mYWXnDo9DFMyfiwrnAKOfAk1fKWxT89R995TCTrRhgWqdcy-p3H5nk1ATJjZY1I8kWw\">Sebastian Ehlers<\/a> gleich mal den neuen Spielplatz einweihen.\n\n<\/p>\n","protected":false},"excerpt":{"rendered":"<p>Heute Abend habe ich die besten W\u00fcnsche unserer Fraktion zum 10-j\u00e4hrigen Jubil\u00e4um \u00fcbermitteln d\u00fcrfen. Das Projekt ist inzwischen bundesweit anerkannt. Bei der Gelegenheit durfte ich mit den GF von Kita gGmbH und Helios sowie den Kolleg*innen Gret-Doris Klemkow und Sebastian Ehlers gleich mal den neuen Spielplatz einweihen.<\/p>\n","protected":false},"author":1,"featured_media":0,"comment_status":"closed","ping_status":"closed","sticky":false,"template":"","format":"standard","meta":{"ngg_post_thumbnail":0,"footnotes":""},"categories":[3],"tags":[],"class_list":["post-11557","post","type-post","status-publish","format-standard","hentry","category-allgemein"],"_links":{"self":[{"href":"https:\/\/henning-foerster.de\/index.php?rest_route=\/wp\/v2\/posts\/11557","targetHints":{"allow":["GET"]}}],"collection":[{"href":"https:\/\/henning-foerster.de\/index.php?rest_route=\/wp\/v2\/posts"}],"about":[{"href":"https:\/\/henning-foerster.de\/index.php?rest_route=\/wp\/v2\/types\/post"}],"author":[{"embeddable":true,"href":"https:\/\/henning-foerster.de\/index.php?rest_route=\/wp\/v2\/users\/1"}],"replies":[{"embeddable":true,"href":"https:\/\/henning-foerster.de\/index.php?rest_route=%2Fwp%2Fv2%2Fcomments&post=11557"}],"version-history":[{"count":2,"href":"https:\/\/henning-foerster.de\/index.php?rest_route=\/wp\/v2\/posts\/11557\/revisions"}],"predecessor-version":[{"id":11573,"href":"https:\/\/henning-foerster.de\/index.php?rest_route=\/wp\/v2\/posts\/11557\/revisions\/11573"}],"wp:attachment":[{"href":"https:\/\/henning-foerster.de\/index.php?rest_route=%2Fwp%2Fv2%2Fmedia&parent=11557"}],"wp:term":[{"taxonomy":"category","embeddable":true,"href":"https:\/\/henning-foerster.de\/index.php?rest_route=%2Fwp%2Fv2%2Fcategories&post=11557"},{"taxonomy":"post_tag","embeddable":true,"href":"https:\/\/henning-foerster.de\/index.php?rest_route=%2Fwp%2Fv2%2Ftags&post=11557"}],"curies":[{"name":"wp","href":"https:\/\/api.w.org\/{rel}","templated":true}]}}