{"id":11294,"date":"2019-05-20T18:36:57","date_gmt":"2019-05-20T16:36:57","guid":{"rendered":"http:\/\/henning-foerster.de\/?p=11294"},"modified":"2019-05-23T13:04:39","modified_gmt":"2019-05-23T11:04:39","slug":"suedbahn-protestcamp-vor-der-staatskanzlei","status":"publish","type":"post","link":"https:\/\/henning-foerster.de\/?p=11294","title":{"rendered":"S\u00fcdbahn Protestcamp vor der Staatskanzlei"},"content":{"rendered":"\nngg_shortcode_0_placeholder\n\n\n\n<p>Respekt an die Aktivisten der S\u00fcdbahn, die heute fr\u00fch von Parchim zu Fu\u00df bis vor die Staatskanzlei in Schwerin gelaufen sind. Sie schlagen nun ihre Zelte auf und protestieren f\u00fcr den Erhalt der touristisch wichtigen Bahnlinie. Als gelernter Eisenbahner bin ich nat\u00fcrlich an ihrer Seite. Im Moment spricht Mignon Schwenke.<\/p>\n","protected":false},"excerpt":{"rendered":"<p>Respekt an die Aktivisten der S\u00fcdbahn, die heute fr\u00fch von Parchim zu Fu\u00df bis vor die Staatskanzlei in Schwerin gelaufen sind. Sie schlagen nun ihre Zelte auf und protestieren f\u00fcr den Erhalt der touristisch wichtigen Bahnlinie. Als gelernter Eisenbahner bin ich nat\u00fcrlich an ihrer Seite. Im Moment spricht Mignon Schwenke.<\/p>\n","protected":false},"author":1,"featured_media":0,"comment_status":"closed","ping_status":"closed","sticky":false,"template":"","format":"standard","meta":{"ngg_post_thumbnail":0,"footnotes":""},"categories":[3],"tags":[],"class_list":["post-11294","post","type-post","status-publish","format-standard","hentry","category-allgemein"],"_links":{"self":[{"href":"https:\/\/henning-foerster.de\/index.php?rest_route=\/wp\/v2\/posts\/11294","targetHints":{"allow":["GET"]}}],"collection":[{"href":"https:\/\/henning-foerster.de\/index.php?rest_route=\/wp\/v2\/posts"}],"about":[{"href":"https:\/\/henning-foerster.de\/index.php?rest_route=\/wp\/v2\/types\/post"}],"author":[{"embeddable":true,"href":"https:\/\/henning-foerster.de\/index.php?rest_route=\/wp\/v2\/users\/1"}],"replies":[{"embeddable":true,"href":"https:\/\/henning-foerster.de\/index.php?rest_route=%2Fwp%2Fv2%2Fcomments&post=11294"}],"version-history":[{"count":1,"href":"https:\/\/henning-foerster.de\/index.php?rest_route=\/wp\/v2\/posts\/11294\/revisions"}],"predecessor-version":[{"id":11296,"href":"https:\/\/henning-foerster.de\/index.php?rest_route=\/wp\/v2\/posts\/11294\/revisions\/11296"}],"wp:attachment":[{"href":"https:\/\/henning-foerster.de\/index.php?rest_route=%2Fwp%2Fv2%2Fmedia&parent=11294"}],"wp:term":[{"taxonomy":"category","embeddable":true,"href":"https:\/\/henning-foerster.de\/index.php?rest_route=%2Fwp%2Fv2%2Fcategories&post=11294"},{"taxonomy":"post_tag","embeddable":true,"href":"https:\/\/henning-foerster.de\/index.php?rest_route=%2Fwp%2Fv2%2Ftags&post=11294"}],"curies":[{"name":"wp","href":"https:\/\/api.w.org\/{rel}","templated":true}]}}