{"id":11187,"date":"2019-05-10T17:23:33","date_gmt":"2019-05-10T15:23:33","guid":{"rendered":"http:\/\/henning-foerster.de\/?p=11187"},"modified":"2019-05-14T11:23:01","modified_gmt":"2019-05-14T09:23:01","slug":"35-jahre-fuenf-seen-lauf-schwerin","status":"publish","type":"post","link":"https:\/\/henning-foerster.de\/?p=11187","title":{"rendered":"35 Jahre F\u00fcnf Seen Lauf Schwerin"},"content":{"rendered":"\n<p><p style=\"text-align: justify;\">Eine ganz tolle Veranstaltung haben heute Nachmittag die Macher eines  der gr\u00f6\u00dften Volksl\u00e4ufe im Norden auf die Beine gestellt. Respekt f\u00fcr die  gro\u00dfartige Arbeit der letzten Jahre und Viel Erfolg f\u00fcr das neue Duo an  der Spitze des Orgb\u00fcros. <\/p><\/p>\n\n\n\nngg_shortcode_0_placeholder\n","protected":false},"excerpt":{"rendered":"<p>Eine ganz tolle Veranstaltung haben heute Nachmittag die Macher eines der gr\u00f6\u00dften Volksl\u00e4ufe im Norden auf die Beine gestellt. Respekt f\u00fcr die gro\u00dfartige Arbeit der letzten Jahre und Viel Erfolg f\u00fcr das neue Duo an der Spitze des Orgb\u00fcros.<\/p>\n","protected":false},"author":1,"featured_media":0,"comment_status":"closed","ping_status":"closed","sticky":false,"template":"","format":"standard","meta":{"ngg_post_thumbnail":0,"footnotes":""},"categories":[3],"tags":[],"class_list":["post-11187","post","type-post","status-publish","format-standard","hentry","category-allgemein"],"_links":{"self":[{"href":"https:\/\/henning-foerster.de\/index.php?rest_route=\/wp\/v2\/posts\/11187","targetHints":{"allow":["GET"]}}],"collection":[{"href":"https:\/\/henning-foerster.de\/index.php?rest_route=\/wp\/v2\/posts"}],"about":[{"href":"https:\/\/henning-foerster.de\/index.php?rest_route=\/wp\/v2\/types\/post"}],"author":[{"embeddable":true,"href":"https:\/\/henning-foerster.de\/index.php?rest_route=\/wp\/v2\/users\/1"}],"replies":[{"embeddable":true,"href":"https:\/\/henning-foerster.de\/index.php?rest_route=%2Fwp%2Fv2%2Fcomments&post=11187"}],"version-history":[{"count":2,"href":"https:\/\/henning-foerster.de\/index.php?rest_route=\/wp\/v2\/posts\/11187\/revisions"}],"predecessor-version":[{"id":11219,"href":"https:\/\/henning-foerster.de\/index.php?rest_route=\/wp\/v2\/posts\/11187\/revisions\/11219"}],"wp:attachment":[{"href":"https:\/\/henning-foerster.de\/index.php?rest_route=%2Fwp%2Fv2%2Fmedia&parent=11187"}],"wp:term":[{"taxonomy":"category","embeddable":true,"href":"https:\/\/henning-foerster.de\/index.php?rest_route=%2Fwp%2Fv2%2Fcategories&post=11187"},{"taxonomy":"post_tag","embeddable":true,"href":"https:\/\/henning-foerster.de\/index.php?rest_route=%2Fwp%2Fv2%2Ftags&post=11187"}],"curies":[{"name":"wp","href":"https:\/\/api.w.org\/{rel}","templated":true}]}}