{"id":11111,"date":"2019-04-30T19:50:24","date_gmt":"2019-04-30T17:50:24","guid":{"rendered":"http:\/\/henning-foerster.de\/?p=11111"},"modified":"2019-05-13T16:29:12","modified_gmt":"2019-05-13T14:29:12","slug":"eroeffnung-des-29-filmkunstfest-mv-in-schwerin","status":"publish","type":"post","link":"https:\/\/henning-foerster.de\/?p=11111","title":{"rendered":"Er\u00f6ffnung des 29. Filmkunstfest MV in Schwerin"},"content":{"rendered":"\n<p>Heute Abend verfolgen meine Kollegin Simone Oldenburg und ich die Er\u00f6ffnung des nun schon 29. Filmkunstfestes im Schweriner Capitol. Starke Rede von Gesch\u00e4ftsf\u00fchrer Volker Kufahl. Prima Rockmusik von Coma_54.<\/p>\n\n\n\nngg_shortcode_0_placeholder\n","protected":false},"excerpt":{"rendered":"<p>Heute Abend verfolgen meine Kollegin Simone Oldenburg und ich die Er\u00f6ffnung des nun schon 29. Filmkunstfestes im Schweriner Capitol. Starke Rede von Gesch\u00e4ftsf\u00fchrer Volker Kufahl. Prima Rockmusik von Coma_54.<\/p>\n","protected":false},"author":1,"featured_media":0,"comment_status":"closed","ping_status":"closed","sticky":false,"template":"","format":"standard","meta":{"ngg_post_thumbnail":0,"footnotes":""},"categories":[3],"tags":[],"class_list":["post-11111","post","type-post","status-publish","format-standard","hentry","category-allgemein"],"_links":{"self":[{"href":"https:\/\/henning-foerster.de\/index.php?rest_route=\/wp\/v2\/posts\/11111","targetHints":{"allow":["GET"]}}],"collection":[{"href":"https:\/\/henning-foerster.de\/index.php?rest_route=\/wp\/v2\/posts"}],"about":[{"href":"https:\/\/henning-foerster.de\/index.php?rest_route=\/wp\/v2\/types\/post"}],"author":[{"embeddable":true,"href":"https:\/\/henning-foerster.de\/index.php?rest_route=\/wp\/v2\/users\/1"}],"replies":[{"embeddable":true,"href":"https:\/\/henning-foerster.de\/index.php?rest_route=%2Fwp%2Fv2%2Fcomments&post=11111"}],"version-history":[{"count":1,"href":"https:\/\/henning-foerster.de\/index.php?rest_route=\/wp\/v2\/posts\/11111\/revisions"}],"predecessor-version":[{"id":11112,"href":"https:\/\/henning-foerster.de\/index.php?rest_route=\/wp\/v2\/posts\/11111\/revisions\/11112"}],"wp:attachment":[{"href":"https:\/\/henning-foerster.de\/index.php?rest_route=%2Fwp%2Fv2%2Fmedia&parent=11111"}],"wp:term":[{"taxonomy":"category","embeddable":true,"href":"https:\/\/henning-foerster.de\/index.php?rest_route=%2Fwp%2Fv2%2Fcategories&post=11111"},{"taxonomy":"post_tag","embeddable":true,"href":"https:\/\/henning-foerster.de\/index.php?rest_route=%2Fwp%2Fv2%2Ftags&post=11111"}],"curies":[{"name":"wp","href":"https:\/\/api.w.org\/{rel}","templated":true}]}}