{"id":11038,"date":"2019-04-06T17:41:13","date_gmt":"2019-04-06T15:41:13","guid":{"rendered":"http:\/\/henning-foerster.de\/?p=11038"},"modified":"2019-04-16T17:41:51","modified_gmt":"2019-04-16T15:41:51","slug":"betriebsversammlung-der-post-in-luebeck","status":"publish","type":"post","link":"https:\/\/henning-foerster.de\/?p=11038","title":{"rendered":"Betriebsversammlung der Post in L\u00fcbeck"},"content":{"rendered":"\nngg_shortcode_0_placeholder\n\n\n\n<p> Heute bin ich mit J\u00f6rg B\u00f6hm und Viktor Micheilis auf der \nBetriebsversammlung der Postler in L\u00fcbeck. In der prall gef\u00fcllten Musik-\n und Kongresshalle spreche ich \u00fcber die Situation im Bereich der \nPaketdienste und lasse unse\u0155e Aktivit\u00e4ten seit November 2018 in Sachen \nBriefzentrum Schwerin Revue passieren.<\/p>\n","protected":false},"excerpt":{"rendered":"<p>Heute bin ich mit J\u00f6rg B\u00f6hm und Viktor Micheilis auf der Betriebsversammlung der Postler in L\u00fcbeck. In der prall gef\u00fcllten Musik- und Kongresshalle spreche ich \u00fcber die Situation im Bereich der Paketdienste und lasse unse\u0155e Aktivit\u00e4ten seit November 2018 in Sachen Briefzentrum Schwerin Revue passieren.<\/p>\n","protected":false},"author":1,"featured_media":0,"comment_status":"closed","ping_status":"closed","sticky":false,"template":"","format":"standard","meta":{"ngg_post_thumbnail":0,"footnotes":""},"categories":[3],"tags":[],"class_list":["post-11038","post","type-post","status-publish","format-standard","hentry","category-allgemein"],"_links":{"self":[{"href":"https:\/\/henning-foerster.de\/index.php?rest_route=\/wp\/v2\/posts\/11038","targetHints":{"allow":["GET"]}}],"collection":[{"href":"https:\/\/henning-foerster.de\/index.php?rest_route=\/wp\/v2\/posts"}],"about":[{"href":"https:\/\/henning-foerster.de\/index.php?rest_route=\/wp\/v2\/types\/post"}],"author":[{"embeddable":true,"href":"https:\/\/henning-foerster.de\/index.php?rest_route=\/wp\/v2\/users\/1"}],"replies":[{"embeddable":true,"href":"https:\/\/henning-foerster.de\/index.php?rest_route=%2Fwp%2Fv2%2Fcomments&post=11038"}],"version-history":[{"count":1,"href":"https:\/\/henning-foerster.de\/index.php?rest_route=\/wp\/v2\/posts\/11038\/revisions"}],"predecessor-version":[{"id":11039,"href":"https:\/\/henning-foerster.de\/index.php?rest_route=\/wp\/v2\/posts\/11038\/revisions\/11039"}],"wp:attachment":[{"href":"https:\/\/henning-foerster.de\/index.php?rest_route=%2Fwp%2Fv2%2Fmedia&parent=11038"}],"wp:term":[{"taxonomy":"category","embeddable":true,"href":"https:\/\/henning-foerster.de\/index.php?rest_route=%2Fwp%2Fv2%2Fcategories&post=11038"},{"taxonomy":"post_tag","embeddable":true,"href":"https:\/\/henning-foerster.de\/index.php?rest_route=%2Fwp%2Fv2%2Ftags&post=11038"}],"curies":[{"name":"wp","href":"https:\/\/api.w.org\/{rel}","templated":true}]}}