{"id":11004,"date":"2019-04-03T14:20:12","date_gmt":"2019-04-03T12:20:12","guid":{"rendered":"http:\/\/henning-foerster.de\/?p=11004"},"modified":"2019-04-05T14:20:58","modified_gmt":"2019-04-05T12:20:58","slug":"spd-landesparteitag-m-v-will-kuenftig-keine-hartz-iv-sanktionen-mehr","status":"publish","type":"post","link":"https:\/\/henning-foerster.de\/?p=11004","title":{"rendered":"SPD Landesparteitag M-V will k\u00fcnftig keine Hartz IV Sanktionen mehr"},"content":{"rendered":"\nngg_shortcode_0_placeholder\n\n\n\n<p> Quo vadis SPD. Im Parlament lehnt Ihr unsere Antr\u00e4ge ab um auf dem \nLandesparteitag zwei Wochen sp\u00e4ter dann mal eben schnell die Abschaffung\n der Hartz IV Sanktionen zu beschliessen? Daf\u00fcr gibt es nur ein sehr \ntreffendes Wort &#8211; UNGLAUBW\u00dcRDIG!<\/p>\n","protected":false},"excerpt":{"rendered":"<p>Quo vadis SPD. Im Parlament lehnt Ihr unsere Antr\u00e4ge ab um auf dem Landesparteitag zwei Wochen sp\u00e4ter dann mal eben schnell die Abschaffung der Hartz IV Sanktionen zu beschliessen? Daf\u00fcr gibt es nur ein sehr treffendes Wort &#8211; UNGLAUBW\u00dcRDIG!<\/p>\n","protected":false},"author":1,"featured_media":0,"comment_status":"closed","ping_status":"closed","sticky":false,"template":"","format":"standard","meta":{"ngg_post_thumbnail":0,"footnotes":""},"categories":[3],"tags":[],"class_list":["post-11004","post","type-post","status-publish","format-standard","hentry","category-allgemein"],"_links":{"self":[{"href":"https:\/\/henning-foerster.de\/index.php?rest_route=\/wp\/v2\/posts\/11004","targetHints":{"allow":["GET"]}}],"collection":[{"href":"https:\/\/henning-foerster.de\/index.php?rest_route=\/wp\/v2\/posts"}],"about":[{"href":"https:\/\/henning-foerster.de\/index.php?rest_route=\/wp\/v2\/types\/post"}],"author":[{"embeddable":true,"href":"https:\/\/henning-foerster.de\/index.php?rest_route=\/wp\/v2\/users\/1"}],"replies":[{"embeddable":true,"href":"https:\/\/henning-foerster.de\/index.php?rest_route=%2Fwp%2Fv2%2Fcomments&post=11004"}],"version-history":[{"count":1,"href":"https:\/\/henning-foerster.de\/index.php?rest_route=\/wp\/v2\/posts\/11004\/revisions"}],"predecessor-version":[{"id":11005,"href":"https:\/\/henning-foerster.de\/index.php?rest_route=\/wp\/v2\/posts\/11004\/revisions\/11005"}],"wp:attachment":[{"href":"https:\/\/henning-foerster.de\/index.php?rest_route=%2Fwp%2Fv2%2Fmedia&parent=11004"}],"wp:term":[{"taxonomy":"category","embeddable":true,"href":"https:\/\/henning-foerster.de\/index.php?rest_route=%2Fwp%2Fv2%2Fcategories&post=11004"},{"taxonomy":"post_tag","embeddable":true,"href":"https:\/\/henning-foerster.de\/index.php?rest_route=%2Fwp%2Fv2%2Ftags&post=11004"}],"curies":[{"name":"wp","href":"https:\/\/api.w.org\/{rel}","templated":true}]}}